{"id":59576,"date":"2018-05-08T15:46:25","date_gmt":"2018-05-08T18:46:25","guid":{"rendered":"https:\/\/crapa.org.br\/p=59576"},"modified":"2023-11-08T18:37:34","modified_gmt":"2023-11-08T21:37:34","slug":"radio-adm-2","status":"publish","type":"post","link":"https:\/\/crapa.org.br\/?p=59576","title":{"rendered":"Nova vers\u00e3o do App est\u00e1 dispon\u00edvel gratuitamente para os registrados no CRA-PA"},"content":{"rendered":"<p align=\"justify\"><span style=\"color: #000000;\"><span style=\"font-family: Arial, sans-serif;\"><span style=\"font-size: medium;\">Lan\u00e7ado em setembro de 2020, por meio de parceria com o CRA-CE, o aplicativo da Carteira de Identidade Profissional Digital (e-CIP) do CRA-PA trouxe mais facilidade e mobilidade para os profissionais registrados no Conselho.<\/span><\/span><\/span><\/p>\n<p align=\"justify\"><span style=\"color: #000000;\"><span style=\"font-family: Arial, sans-serif;\"><span style=\"font-size: medium;\">E, para aprimorar o acesso ao aplicativo da \u201c<\/span><\/span><\/span><strong><span style=\"color: #000000;\"><span style=\"font-family: Arial, sans-serif;\"><span style=\"font-size: medium;\">eCIP<\/span><\/span><\/span><\/strong><span style=\"color: #000000;\"><span style=\"font-size: medium;\"> \u201c<\/span><\/span><span style=\"color: #000000;\"><span style=\"font-family: Arial, sans-serif;\"><span style=\"font-size: medium;\">, a equipe de desenvolvedores realizou nos \u00faltimos meses algumas atualiza\u00e7\u00f5es que j\u00e1 est\u00e3o dispon\u00edveis nesta nova vers\u00e3o. <\/span><\/span><\/span><\/p>\n<p align=\"justify\"><span style=\"color: #000000;\"><span style=\"font-family: Arial, sans-serif;\"><span style=\"font-size: medium;\">Agora, todos os profissionais registrados e adimplentes com o CRA-PA podem ter gratuitamente a CIP Digital, pr\u00e1tica e sustent\u00e1vel com a mesma validade do documento impresso, comprovada atrav\u00e9s de <\/span><\/span><\/span><em><span style=\"color: #000000;\"><span style=\"font-family: Arial, sans-serif;\"><span style=\"font-size: medium;\">QR Code<\/span><\/span><\/span><\/em><span style=\"color: #000000;\"><span style=\"font-family: Arial, sans-serif;\"><span style=\"font-size: medium;\"> gerado no pr\u00f3prio aplicativo. O documento digital \u00e9 resultado de um conv\u00eanio de coopera\u00e7\u00e3o t\u00e9cnica tripartite firmado com o CRA-CE e CFA.<\/span><\/span><\/span><\/p>\n<p align=\"justify\"><span style=\"color: #000000;\"><span style=\"font-family: Arial, sans-serif;\"><span style=\"font-size: medium;\">Segundo o presidente do Regional, Adm. F\u00e1bio L\u00facio Costa, \u201ca carteira digital trar\u00e1 mais mobilidade, facilidade de acesso, agilidade e seguran\u00e7a para os profissionais\u201d.<\/span><\/span><\/span><\/p>\n<p align=\"justify\"><span style=\"color: #000000;\"><span style=\"font-family: arial, helvetica, sans-serif;\"><span style=\"font-size: medium;\">A aquisi\u00e7\u00e3o da carteira digital n\u00e3o \u00e9 obrigat\u00f3ria. Os dois tipos de documentos, f\u00edsico e digital, s\u00e3o v\u00e1lidos, contudo, somente o modelo eletr\u00f4nico \u00e9 gratuito.<\/span><\/span><\/span><\/p>\n<p><span style=\"font-family: Calibri, sans-serif; font-size: 12pt;\"><strong><span style=\"color: #000000;\"><span style=\"font-family: Arial, sans-serif;\">Como obter a Carteira Digital do CRA-PA<\/span><\/span><\/strong><\/span><\/p>\n<ol>\n<li><span style=\"color: #000000; font-family: arial, helvetica, sans-serif; font-size: 12pt;\">Baixe no Play Store (android) o app digitando na busca eCIP | CRAs ou clic no link: <strong><a class=\"western\" style=\"color: #000000;\" href=\"https:\/\/play.google.com\/store\/apps\/details?id=br.tribos.ecip_cras_app\" target=\"_blank\" rel=\"noopener\">https:\/\/play.google.com\/store\/apps\/details?id=br.tribos.ecip_cras_app<\/a><\/strong><\/span><\/li>\n<li><span style=\"font-family: arial, helvetica, sans-serif; color: #000000; font-size: 12pt;\">Para usu\u00e1rios do Iphone na loja digitando na busca eCIP | CRAs<\/span><\/li>\n<li><span style=\"font-family: arial, helvetica, sans-serif; color: #000000; font-size: 12pt;\">Cadastrar para usar a e-CIP clicando em \u201cclique aqui\u201d<\/span><\/li>\n<li><span style=\"font-family: arial, helvetica, sans-serif; color: #000000; font-size: 12pt;\">Escolher o Regional: CRA-PA<\/span><\/li>\n<li><span style=\"font-family: arial, helvetica, sans-serif; color: #000000; font-size: 12pt;\">O sistema vai encaminhar um c\u00f3digo para por e-mail, entre no seu e-mail copie o c\u00f3digo e coloque onde est\u00e1 sendo solicitado<\/span><\/li>\n<li><span style=\"font-family: arial, helvetica, sans-serif; color: #000000; font-size: 12pt;\">Digite o CPF e crie uma senha<\/span><\/li>\n<li><span style=\"font-family: arial, helvetica, sans-serif; color: #000000; font-size: 12pt;\">Pronto! Seu usu\u00e1rio \u00e9 o seu CPF e o password \u00e9 a senha que foi criada<\/span><\/li>\n<li><span style=\"color: #000000; font-family: arial, helvetica, sans-serif; font-size: 12pt;\">Digite o CPF e a senha<\/span><\/li>\n<li><span style=\"color: #000000; font-family: arial, helvetica, sans-serif;\">Insira uma foto<\/span><\/li>\n<\/ol>\n<p class=\"western\" align=\"justify\"><span style=\"font-size: 12pt;\"><span style=\"font-family: Arial, sans-serif; color: #000000;\">Pronto, a sua carteira j\u00e1 est\u00e1 dispon\u00edvel para uso. <\/span><span style=\"font-family: Arial, sans-serif; color: #000000;\">O login \u00e9 feito com o n\u00famero do CPF e a senha criada pelo usu\u00e1rio.<\/span><\/span><\/p>\n<p><span style=\"font-family: Calibri, sans-serif; font-size: 12pt;\"><span style=\"color: #000000;\"><span style=\"font-family: Arial, sans-serif;\">Mais informa\u00e7\u00f5es pelo e-mail: <\/span><\/span><span style=\"color: #000000;\"><span style=\"font-family: Arial, sans-serif;\">administrador@crapa.org.br<\/span><\/span><span style=\"color: #000000;\"><span style=\"font-family: Arial, sans-serif;\"> ou Telefone (9<\/span><\/span><span style=\"color: #000000;\"><span style=\"font-family: Arial, sans-serif;\">1<\/span><\/span><span style=\"color: #000000;\"><span style=\"font-family: Arial, sans-serif;\">) <\/span><\/span><span style=\"color: #000000;\"><span style=\"font-family: Arial, sans-serif;\">3122-9036<\/span><\/span><span style=\"color: #000000;\"><span style=\"font-family: Arial, sans-serif;\"> \/ C<\/span><\/span><span style=\"color: #000000;\"><span style=\"font-family: Arial, sans-serif;\">elular\/<\/span><\/span><span style=\"color: #000000;\"><span style=\"font-family: Arial, sans-serif;\">WhatsApp (9<\/span><\/span><span style=\"color: #000000;\"><span style=\"font-family: Arial, sans-serif;\">1<\/span><\/span><span style=\"color: #000000;\"><span style=\"font-family: Arial, sans-serif;\">) 99103-2832.<\/span><\/span> <\/span><\/p>\n","protected":false},"excerpt":{"rendered":"<p>Lan\u00e7ado em setembro de 2020, por meio de parceria com o CRA-CE, o aplicativo da Carteira de Identidade Profissional Digital (e-CIP) do CRA-PA trouxe mais facilidade e mobilidade para os [&hellip;]<\/p>\n","protected":false},"author":25,"featured_media":62793,"comment_status":"open","ping_status":"open","sticky":false,"template":"","format":"standard","meta":{"footnotes":"","_links_to":"","_links_to_target":""},"categories":[320,476],"tags":[],"class_list":["post-59576","post","type-post","status-publish","format-standard","has-post-thumbnail","hentry","category-home","category-menu-de-imagens","entry","has-media"],"_links":{"self":[{"href":"https:\/\/crapa.org.br\/index.php?rest_route=\/wp\/v2\/posts\/59576","targetHints":{"allow":["GET"]}}],"collection":[{"href":"https:\/\/crapa.org.br\/index.php?rest_route=\/wp\/v2\/posts"}],"about":[{"href":"https:\/\/crapa.org.br\/index.php?rest_route=\/wp\/v2\/types\/post"}],"author":[{"embeddable":true,"href":"https:\/\/crapa.org.br\/index.php?rest_route=\/wp\/v2\/users\/25"}],"replies":[{"embeddable":true,"href":"https:\/\/crapa.org.br\/index.php?rest_route=%2Fwp%2Fv2%2Fcomments&post=59576"}],"version-history":[{"count":0,"href":"https:\/\/crapa.org.br\/index.php?rest_route=\/wp\/v2\/posts\/59576\/revisions"}],"wp:featuredmedia":[{"embeddable":true,"href":"https:\/\/crapa.org.br\/index.php?rest_route=\/wp\/v2\/media\/62793"}],"wp:attachment":[{"href":"https:\/\/crapa.org.br\/index.php?rest_route=%2Fwp%2Fv2%2Fmedia&parent=59576"}],"wp:term":[{"taxonomy":"category","embeddable":true,"href":"https:\/\/crapa.org.br\/index.php?rest_route=%2Fwp%2Fv2%2Fcategories&post=59576"},{"taxonomy":"post_tag","embeddable":true,"href":"https:\/\/crapa.org.br\/index.php?rest_route=%2Fwp%2Fv2%2Ftags&post=59576"}],"curies":[{"name":"wp","href":"https:\/\/api.w.org\/{rel}","templated":true}]}}