{"id":59582,"date":"2018-05-08T15:47:00","date_gmt":"2018-05-08T18:47:00","guid":{"rendered":"https:\/\/crapa.org.br\/p=59582"},"modified":"2026-03-20T10:04:22","modified_gmt":"2026-03-20T13:04:22","slug":"igm","status":"publish","type":"post","link":"https:\/\/crapa.org.br\/?p=59582","title":{"rendered":"Registro Profissional"},"content":{"rendered":"<div class=\"elementor-element elementor-element-ec0301c elementor-widget elementor-widget-text-editor\" data-id=\"ec0301c\" data-element_type=\"widget\" data-widget_type=\"text-editor.default\">\n<div class=\"elementor-widget-container\">\n<div class=\"elementor-text-editor elementor-clearfix\">\n<p><span style=\"font-family: arial, helvetica, sans-serif; font-size: 12pt;\"><strong><span style=\"color: #000000;\">VAMOS SE REGISTRAR?<\/span><\/strong><\/span><\/p>\n<p><span style=\"font-family: arial, helvetica, sans-serif; color: #000000;\">A <a href=\"https:\/\/documentos.cfa.org.br\/?c=documento&amp;a=show&amp;id=951\" target=\"_blank\" rel=\"noopener\"><span style=\"color: #003366;\">Resolu\u00e7\u00e3o Normativa CFA N\u00ba 649<\/span><\/a>, de\u00a0 28 de maio de 2024, aprova o regulamento de registro do Sistema CFA\/CRAs.<\/span><\/p>\n<p class=\"Texto_Justificado_Recuo_Primeira_Linha\" style=\"text-align: justify;\"><span style=\"font-family: arial, helvetica, sans-serif; color: #000000;\">De acordo com o art. 2\u00ba da RN, o registro no Conselho Regional de Administra\u00e7\u00e3o (CRA) constitui habilita\u00e7\u00e3o profissional autoriza\u00e7\u00e3o para:<\/span><\/p>\n<p class=\"Texto_Justificado_Recuo_Primeira_Linha\" style=\"text-align: justify;\"><span style=\"font-family: arial, helvetica, sans-serif; color: #000000;\">I &#8211; o exerc\u00edcio de atividades profissionais nos campos abrangidos pela Lei n\u00ba 4.769\/1965, em n\u00edvel superior ou profissional t\u00e9cnico de n\u00edvel m\u00e9dio, dos egressos de cursos de Administra\u00e7\u00e3o ou relacionados \u00e0 Administra\u00e7\u00e3o;<br \/>\n<\/span><span style=\"font-family: arial, helvetica, sans-serif; color: #000000;\">II &#8211; a explora\u00e7\u00e3o de atividades nos campos abrangidos pela Lei n\u00ba 4.769\/1965 por pessoa jur\u00eddica e por empres\u00e1rios individuais.<\/span><\/p>\n<\/div>\n<\/div>\n<\/div>\n<div class=\"elementor-element elementor-element-12a60ec5 elementor-widget elementor-widget-heading\" data-id=\"12a60ec5\" data-element_type=\"widget\" data-widget_type=\"heading.default\">\n<div class=\"elementor-widget-container\">\n<p class=\"elementor-heading-title elementor-size-default\"><span style=\"font-size: 12pt;\"><strong><span style=\"color: #000000; font-family: arial, helvetica, sans-serif;\">PR\u00c9-CADASTRO<\/span><\/strong><\/span><\/p>\n<\/div>\n<\/div>\n<div class=\"elementor-element elementor-element-753f7fd2 elementor-position-left elementor-view-default elementor-mobile-position-top elementor-vertical-align-top elementor-widget elementor-widget-icon-box\" data-id=\"753f7fd2\" data-element_type=\"widget\" data-widget_type=\"icon-box.default\">\n<div class=\"elementor-widget-container\">\n<div class=\"elementor-icon-box-wrapper\">\n<div class=\"elementor-icon-box-content\">\n<p style=\"text-align: justify;\"><span style=\"color: #000000; font-family: arial, helvetica, sans-serif;\">Para dar in\u00edcio ao processo de registro acesse<span style=\"color: #003366;\"> <a style=\"color: #003366;\" href=\"https:\/\/sistema.crapa.org.br\/login\" target=\"_blank\" rel=\"noopener\">https:\/\/sistema.crapa.org.br\/login<\/a><\/span> optar por \u201cPr\u00e9-cadastro\u201c, em seguida clique em &#8220;<strong>profissional<\/strong>&#8220;, escolha a categoria (Administrador, Estudante, Gestor P\u00fablico, Mestre\/doutor, Outros Bachar\u00e9is, Sequencial, T\u00e9cnico em Administra\u00e7\u00e3o, Tecn\u00f3logo). Ap\u00f3s, faz-se necess\u00e1rio o preenchimento online do formul\u00e1rio, devendo ser feita, ao final do processo, a impress\u00e3o da ficha, para aposi\u00e7\u00e3o da foto, impress\u00e3o digital e assinatura nos campos espec\u00edficos. \u00a0Ao final do processo dever\u00e1 ser gerado o boleto relativo \u00e0 taxa de registro.<\/span><\/p>\n<p style=\"text-align: justify;\"><span style=\"font-family: arial, helvetica, sans-serif; color: #000000;\">De acordo com o art. 23 da RN CFA 649\/2024, o requerimento de registro profissional definitivo ser\u00e1 instru\u00eddo, obrigatoriamente, com os arquivos f\u00edsicos ou digitais dos seguintes documentos:<\/span><\/p>\n<p><span style=\"color: #000000;\">* 1 FOTO 3 X 4 RECENTE (COM O FUNDO BRANCO DE FRENTE)<\/span><br \/>\n<span style=\"color: #000000;\">* CARTEIRA DE IDENTIDADE(RG)<\/span><br \/>\n<span style=\"color: #000000;\">* CTPS<\/span><br \/>\n<span style=\"color: #000000;\">* CPF<\/span><br \/>\n<span style=\"color: #000000;\">* CERTIFICADO DE RESERVISTA<\/span><br \/>\n<span style=\"color: #000000;\">* CERTID\u00c3O DE QUITA\u00c7\u00c3O ELEITORAL<\/span><br \/>\n<span style=\"color: #000000;\">* COMPROVANTE DE RESID\u00caNCIA<\/span><br \/>\n<span style=\"color: #000000;\">* HIST\u00d3RICO ACAD\u00caMICO<\/span><br \/>\n<span style=\"color: #000000;\">* DIPLOMA OU CERTIFICADO<\/span><br \/>\n<span style=\"color: #000000;\">* CART\u00c3O DE ASSINATURA E DECLARA\u00c7\u00c3O DE VERACIDADE (<span style=\"color: #003366;\"><a style=\"color: #003366;\" href=\"https:\/\/crapa.org.br\/wp-content\/uploads\/2018\/05\/Cartao-assinatura-e-Declaracao-Veracidade.pdf\" target=\"_blank\" rel=\"noopener\">download.pdf<\/a><\/span>)<\/span><\/p>\n<p style=\"text-align: justify;\"><span style=\"font-family: arial, helvetica, sans-serif; color: #000000;\">\u00a7 1\u00ba A declara\u00e7\u00e3o de conclus\u00e3o do curso dever\u00e1 ser assinada pelo respons\u00e1vel da institui\u00e7\u00e3o de ensino, conter o nome completo do requerente, o n\u00famero de seu CPF, N\u00famero da Portaria de reconhecimento do curso, a data que colou grau e a informa\u00e7\u00e3o de que o diploma se encontra nos tr\u00e2mites para registro.<\/span><\/p>\n<p style=\"text-align: justify;\"><span style=\"font-family: arial, helvetica, sans-serif; color: #000000;\">\u00a7 2\u00ba O requerente que apresentar declara\u00e7\u00e3o de conclus\u00e3o do curso para fins de registro fica obrigado a apresentar o diploma devidamente registrado no prazo de at\u00e9 1 ano, a contar da data de sua cola\u00e7\u00e3o de grau, sob pena de responder a processo \u00e9tico-disciplinar e demais comina\u00e7\u00f5es legais.<\/span><\/p>\n<p><span style=\"color: #000000; font-family: arial, helvetica, sans-serif;\">Obs.: Para iniciar seu processo de inscri\u00e7\u00e3o junto ao conselho tenha em m\u00e3os os documentos digitalizados.<br \/>\n<\/span><\/p>\n<p class=\"Texto_Centralizado_Maiusculas_Negrito\"><span style=\"color: #000000;\"><strong><span style=\"font-family: arial, helvetica, sans-serif;\">DO REGISTRO DE PESSOA JUR\u00cdDICA<\/span><\/strong><\/span><\/p>\n<p style=\"text-align: justify;\"><span style=\"font-family: arial, helvetica, sans-serif; color: #000000;\">De acordo com o Art. 40 da RN CFA 649\/2024, o requerimento de registro definitivo ser\u00e1 instru\u00eddo, obrigatoriamente, com os arquivos f\u00edsicos ou digitais dos seguintes documentos:<\/span><\/p>\n<p><span style=\"font-family: arial, helvetica, sans-serif; color: #000000;\">I &#8211; ato constitutivo e altera\u00e7\u00f5es registradas no \u00f3rg\u00e3o competente;<\/span><br \/>\n<span style=\"font-family: arial, helvetica, sans-serif; color: #000000;\">II &#8211; termo de indica\u00e7\u00e3o do respons\u00e1vel t\u00e9cnico, conforme disp\u00f5e o art. 1\u00ba da Lei n\u00ba 6.839\/1980 e art. 12 do regulamento aprovado pelo Decreto n\u00ba 61.934\/1967;<\/span><br \/>\n<span style=\"font-family: arial, helvetica, sans-serif; color: #000000;\">III &#8211; comprovante de inscri\u00e7\u00e3o e de situa\u00e7\u00e3o cadastral emitido na p\u00e1gina da Receita Federal do Brasil.<\/span><\/p>\n<p style=\"text-align: justify;\"><span style=\"color: #000000; font-family: arial, helvetica, sans-serif;\">S\u00e3o necess\u00e1rios ainda:\u00a0Comprovante de resid\u00eancia atual, documentos com foto e CPF dos s\u00f3cios e representantes legais, bem como documentos de comprova\u00e7\u00e3o dos respons\u00e1veis t\u00e9cnicos (se for o caso).<\/span><\/p>\n<p class=\"elementor-icon-box-title\"><strong><span style=\"color: #000000; font-family: arial, helvetica, sans-serif; font-size: 14pt;\"><span style=\"font-size: 12pt;\">CARTEIRA DE IDENTIDADE PROFISSIONAL &#8211; CIP<\/span><br \/>\n<\/span><\/strong><span style=\"color: #000000; font-family: arial, helvetica, sans-serif;\">A carteira de identidade profissional \u00e9 um documento oficial para atua\u00e7\u00e3o legal da profiss\u00e3o. A CIP \u00e9 emitida em formato f\u00edsico e digital.<\/span><\/p>\n<p style=\"text-align: justify;\"><span style=\"color: #000000;\"><span style=\"font-family: arial, helvetica, sans-serif;\">A <span style=\"color: #003366;\"><a style=\"color: #003366;\" href=\"https:\/\/documentos.cfa.org.br\/?c=documento&amp;a=show&amp;id=782\" target=\"_blank\" rel=\"noopener\">Resolu\u00e7\u00e3o Normativa CFA N\u00ba 609<\/a><\/span>, de 08 de outubro de 2021, a<\/span><span style=\"font-family: arial, helvetica, sans-serif;\">ltera o regulamento que estabelece os modelos e padr\u00f5es para confec\u00e7\u00e3o das Carteiras de Identidade Profissional (CIP) a serem expedidas pelos Conselhos Regionais de Administra\u00e7\u00e3o.<\/span><\/span><\/p>\n<p><span style=\"color: #000000; font-family: arial, helvetica, sans-serif;\">Informa\u00e7\u00f5es:<\/span><br \/>\n<span style=\"color: #000000; font-family: arial, helvetica, sans-serif;\">e-mail: registro@crapa.org.br<strong><br \/>\n<\/strong>Telefones: (91) 3122-9036\/99100-1139<\/span><\/p>\n<div class=\"elementor-element elementor-element-7548c51e elementor-widget elementor-widget-heading\" data-id=\"7548c51e\" data-element_type=\"widget\" data-widget_type=\"heading.default\">\n<div class=\"elementor-widget-container\">\n<p class=\"elementor-heading-title elementor-size-default\"><span style=\"font-size: 12pt;\"><strong><span style=\"color: #000000; font-family: arial, helvetica, sans-serif;\">Perguntas frequentes:<\/span><\/strong><\/span><\/p>\n<\/div>\n<\/div>\n<div class=\"elementor-element elementor-element-f5b978f elementor-widget elementor-widget-menu-anchor\" data-id=\"f5b978f\" data-element_type=\"widget\" data-widget_type=\"menu-anchor.default\">\n<div class=\"elementor-widget-container\">\n<div id=\"faq-reg\" class=\"elementor-menu-anchor\"><span style=\"color: #000000; font-family: arial, helvetica, sans-serif;\">Tire suas d\u00favidas principais:<\/span><\/div>\n<\/div>\n<\/div>\n<section class=\"elementor-section elementor-inner-section elementor-element elementor-element-1861aef4 elementor-section-content-top elementor-section-boxed elementor-section-height-default elementor-section-height-default\" data-id=\"1861aef4\" data-element_type=\"section\">\n<div class=\"elementor-container elementor-column-gap-no\">\n<div class=\"elementor-row\">\n<div class=\"elementor-column elementor-col-50 elementor-inner-column elementor-element elementor-element-57029eba\" data-id=\"57029eba\" data-element_type=\"column\">\n<div class=\"elementor-column-wrap elementor-element-populated\">\n<div class=\"elementor-widget-wrap\">\n<div class=\"elementor-element elementor-element-59becdf0 elementor-widget elementor-widget-heading\" data-id=\"59becdf0\" data-element_type=\"widget\" data-widget_type=\"heading.default\">\n<div class=\"elementor-widget-container\">\n<p class=\"elementor-heading-title elementor-size-default\"><span style=\"font-size: 12pt;\"><strong><span style=\"color: #000000; font-family: arial, helvetica, sans-serif;\">Qual o benef\u00edcio do registro profissional?<\/span><\/strong><\/span><\/p>\n<\/div>\n<\/div>\n<div class=\"elementor-element elementor-element-fd0f2e9 elementor-widget elementor-widget-text-editor\" data-id=\"fd0f2e9\" data-element_type=\"widget\" data-widget_type=\"text-editor.default\">\n<div class=\"elementor-widget-container\">\n<div class=\"elementor-text-editor elementor-clearfix\">\n<p style=\"text-align: justify;\"><span style=\"color: #000000; font-family: arial, helvetica, sans-serif;\">O benef\u00edcio do registro profissional em CRA \u00e9 o de que, com ele, o profissional de Administra\u00e7\u00e3o est\u00e1 legalmente habilitado ao exerc\u00edcio da sua profiss\u00e3o, tendo o pleno gozo legal das prerrogativas da Profiss\u00e3o de Administrador.<\/span><\/p>\n<p style=\"text-align: justify;\"><span style=\"color: #000000; font-family: arial, helvetica, sans-serif;\">Ap\u00f3s o Registro Profissional em CRA, o profissional passa a portar a Carteira de Identidade Profissional, que tem validade de Carteira de Identidade Civil em todo o territ\u00f3rio nacional, estando reconhecidamente apto para atuar no mercado de trabalho.<\/span><\/p>\n<p style=\"text-align: justify;\"><span style=\"color: #000000; font-family: arial, helvetica, sans-serif;\">Alguns CRAs disp\u00f5em de parcerias com v\u00e1rios tipos de servi\u00e7os diferenciados e v\u00e1rios descontos na aquisi\u00e7\u00e3o de produtos e servi\u00e7os pelos profissionais registrados, quais os CRAs denominam como Clubes de Vantagens. Sobre estas vantagens as informa\u00e7\u00f5es poder\u00e3o ser obtidas diretamente no<span style=\"color: #003366;\"><a style=\"color: #003366;\" href=\"https:\/\/crapa.org.br\/?page_id=62514\" target=\"_blank\" rel=\"noopener\"> Clube de Benef\u00edcios<\/a><\/span> do CRA-PA e no <span style=\"color: #003366;\"><a style=\"color: #003366;\" href=\"https:\/\/admclubedevantagens.com.br\/\" target=\"_blank\" rel=\"noopener\">Clube de Vantagens<\/a><\/span> do Sistema CFA\/CRAs.<\/span><\/p>\n<p style=\"text-align: justify;\"><span style=\"font-family: arial, helvetica, sans-serif; font-size: 12pt; color: #000000;\">O CRA-PA disponibiliza ainda cursos online de capacita\u00e7\u00e3o em plataforma de ensino destinada aos profissionais da Administra\u00e7\u00e3o, em diversas \u00e1reas do conhecimento, como o &#8220;<span style=\"color: #003366;\"><a style=\"color: #003366;\" href=\"https:\/\/capacita.adm.br\/\" target=\"_blank\" rel=\"noopener\">CRA Capacita<\/a><\/span>&#8220;, a &#8220;<span style=\"color: #003366;\"><a style=\"color: #003366;\" href=\"https:\/\/acadm.cfa.org.br\/\" target=\"_blank\" rel=\"noopener\">UCADM<\/a><\/span>&#8221; e o &#8220;<a style=\"color: #000000;\" href=\"https:\/\/sites.google.com\/crasp.org.br\/craspeduca\/home?pli=1\" target=\"_blank\" rel=\"noopener\">C<span style=\"color: #003366;\">RA-SP Educa<\/span><\/a>&#8220;.\u00a0<\/span><\/p>\n<\/div>\n<\/div>\n<\/div>\n<\/div>\n<\/div>\n<\/div>\n<div class=\"elementor-column elementor-col-50 elementor-inner-column elementor-element elementor-element-60dbbaae\" data-id=\"60dbbaae\" data-element_type=\"column\">\n<div class=\"elementor-column-wrap elementor-element-populated\">\n<div class=\"elementor-widget-wrap\">\n<div class=\"elementor-element elementor-element-9b990be elementor-widget elementor-widget-heading\" data-id=\"9b990be\" data-element_type=\"widget\" data-widget_type=\"heading.default\">\n<div class=\"elementor-widget-container\">\n<p class=\"elementor-heading-title elementor-size-default\"><span style=\"font-size: 12pt;\"><strong><span style=\"color: #000000; font-family: arial, helvetica, sans-serif;\">Qual o valor para obter o registro profissional?<\/span><\/strong><\/span><\/p>\n<\/div>\n<\/div>\n<div class=\"elementor-element elementor-element-671c3c37 elementor-widget elementor-widget-text-editor\" data-id=\"671c3c37\" data-element_type=\"widget\" data-widget_type=\"text-editor.default\">\n<div class=\"elementor-widget-container\">\n<div class=\"elementor-text-editor elementor-clearfix\">\n<p class=\"western\" align=\"justify\"><span style=\"font-family: Arial, sans-serif;\"><span style=\"font-size: medium;\"><span style=\"color: #000000;\">Valores de registro para o m\u00eas de mar\u00e7o 2026:<\/span><\/span><\/span><\/p>\n<ul>\n<li><span style=\"color: #000000;\">O valor para o registro de Administrador\/ Gestor P\u00fablico, Mestres e Doutores:<\/span><br \/>\n<span style=\"color: #000000;\"> Total: 624,51 ( anuidade R$ 516,37 + taxa de registro, R$ 54,07 + taxa de carteira R$ 54,07).<\/span><\/li>\n<li><span style=\"color: #000000;\">O valor para o registro de Tecn\u00f3logo\/ Gestor (cursos sequenciais):<\/span><br \/>\n<span style=\"color: #000000;\">Total: R$ 459,67 ( anuidade R$ 351,53 + taxa de registro, R$ 54,07 + taxa de carteira R$ 54,07).<\/span><\/li>\n<li><span style=\"color: #000000;\">O valor para o registro de T\u00e9cnico em Administra\u00e7\u00e3o:<\/span><br \/>\n<span style=\"color: #000000;\">Total: R$ 365,70 (anuidade R$ 257,55 + taxa de registro, R$ 54,07 + taxa de carteira R$ 54,07).<\/span><\/li>\n<li><span style=\"color: #000000;\">O valor para Secund\u00e1rio: 50 % da anuidade.<\/span><\/li>\n<\/ul>\n<p class=\"western\" align=\"justify\"><span style=\"font-family: Arial, sans-serif; color: #000000;\"><span style=\"font-size: medium;\">Obs.: Quando da primeira inscri\u00e7\u00e3o, desde que requerida no prazo de 90 dias contados da data de cola\u00e7\u00e3o de grau, fica assegurada \u00e0 pessoa f\u00edsica isen\u00e7\u00e3o da anuidade do exerc\u00edcio vigente e desconto de 50% (cinquenta por cento) do valor da anuidade do exerc\u00edcio subsequente. <\/span><\/span><\/p>\n<p class=\"Texto_Justificado_Recuo_Primeira_Linha\"><strong style=\"font-size: 12pt;\"><span style=\"color: #000000; font-family: arial, helvetica, sans-serif;\">Profissionais de Administra\u00e7\u00e3o poder\u00e3o atuar como Respons\u00e1veis T\u00e9cnicos?<\/span><\/strong><\/p>\n<\/div>\n<\/div>\n<\/div>\n<\/div>\n<\/div>\n<\/div>\n<\/div>\n<\/div>\n<\/section>\n<section class=\"elementor-section elementor-inner-section elementor-element elementor-element-1c9c995 elementor-section-content-top elementor-section-boxed elementor-section-height-default elementor-section-height-default\" data-id=\"1c9c995\" data-element_type=\"section\">\n<div class=\"elementor-container elementor-column-gap-no\">\n<div class=\"elementor-row\">\n<div class=\"elementor-column elementor-col-50 elementor-inner-column elementor-element elementor-element-392f40f\" data-id=\"392f40f\" data-element_type=\"column\">\n<div class=\"elementor-column-wrap elementor-element-populated\">\n<div class=\"elementor-widget-wrap\">\n<div class=\"elementor-element elementor-element-d982138 elementor-widget elementor-widget-text-editor\" data-id=\"d982138\" data-element_type=\"widget\" data-widget_type=\"text-editor.default\">\n<div class=\"elementor-widget-container\">\n<div class=\"elementor-text-editor elementor-clearfix\">\n<p><span style=\"font-size: 12pt;\"><strong><span style=\"color: #000000; font-family: arial, helvetica, sans-serif;\">A Responsabilidade T\u00e9cnica \u00e9 uma atribui\u00e7\u00e3o inerente aos profissionais de Administra\u00e7\u00e3o registrados em CRA.<\/span><\/strong><\/span><\/p>\n<p style=\"text-align: justify;\"><span style=\"color: #000000; font-family: arial, helvetica, sans-serif;\">Deste modo, os Administradores, os Mestres em Administra\u00e7\u00e3o, os Doutores em Administra\u00e7\u00e3o, os Gestores (Bachar\u00e9is em Cursos Superiores conexos \u00e0 Administra\u00e7\u00e3o; Diplomados em Cursos Sequenciais de Forma\u00e7\u00e3o Espec\u00edfica conexos \u00e0 Administra\u00e7\u00e3o; Diplomados\u00a0em Cursos Superiores de Tecnologia conexos \u00e0 Administra\u00e7\u00e3o)\u00a0podem exercer a Responsabilidade T\u00e9cnica por empresas prestadoras de servi\u00e7os de Administra\u00e7\u00e3o registradas em CRA.<\/span><\/p>\n<p style=\"text-align: justify;\"><span style=\"color: #000000; font-family: arial, helvetica, sans-serif;\">Contudo, ressaltamos que somente o Administrador poder\u00e1 assumir, sem restri\u00e7\u00e3o, a Responsabilidade T\u00e9cnica por empresas prestadoras de servi\u00e7os em qualquer campo da Administra\u00e7\u00e3o.<\/span><\/p>\n<\/div>\n<\/div>\n<\/div>\n<\/div>\n<\/div>\n<\/div>\n<div class=\"elementor-column elementor-col-50 elementor-inner-column elementor-element elementor-element-63b1673\" data-id=\"63b1673\" data-element_type=\"column\">\n<div class=\"elementor-column-wrap elementor-element-populated\">\n<div class=\"elementor-widget-wrap\">\n<div class=\"elementor-element elementor-element-4e1dbfe elementor-widget elementor-widget-heading\" data-id=\"4e1dbfe\" data-element_type=\"widget\" data-widget_type=\"heading.default\">\n<div class=\"elementor-widget-container\">\n<p class=\"elementor-heading-title elementor-size-default\"><strong><span style=\"color: #000000; font-family: arial, helvetica, sans-serif; font-size: 14pt;\">Porque h\u00e1 diferen\u00e7a nas cores das carteiras?<\/span><\/strong><\/p>\n<\/div>\n<\/div>\n<div class=\"elementor-element elementor-element-ee254b8 elementor-widget elementor-widget-text-editor\" data-id=\"ee254b8\" data-element_type=\"widget\" data-widget_type=\"text-editor.default\">\n<div class=\"elementor-widget-container\">\n<div class=\"elementor-text-editor elementor-clearfix\">\n<p><span style=\"color: #000000; font-family: arial, helvetica, sans-serif;\">I &#8211; a Carteira de Identidade Profissional na cor <strong>AZUL<\/strong>:<\/span><\/p>\n<ul>\n<li><span style=\"color: #000000; font-family: arial, helvetica, sans-serif;\">Bachar\u00e9is em Administra\u00e7\u00e3o;<\/span><\/li>\n<li><span style=\"color: #000000; font-family: arial, helvetica, sans-serif;\">Bachar\u00e9is em Gest\u00e3o P\u00fablica;<\/span><\/li>\n<li><span style=\"color: #000000; font-family: arial, helvetica, sans-serif;\">Bachar\u00e9is em Gest\u00e3o de Pol\u00edticas P\u00fablicas; e<\/span><\/li>\n<li><span style=\"color: #000000; font-family: arial, helvetica, sans-serif;\">Egressos de Cursos equivalentes a Bacharelado em Administra\u00e7\u00e3o.<\/span><\/li>\n<\/ul>\n<p><span style=\"color: #000000; font-family: arial, helvetica, sans-serif;\">II &#8211; a Carteira de Identidade Profissional na cor <strong>VERDE<\/strong>:<\/span><\/p>\n<ul>\n<li><span style=\"color: #000000; font-family: arial, helvetica, sans-serif;\">Bachar\u00e9is em cursos superiores conexos \u00e0 Administra\u00e7\u00e3o;<\/span><\/li>\n<li><span style=\"color: #000000; font-family: arial, helvetica, sans-serif;\">Diplomados em Cursos Superiores de Tecnologia conexos \u00e0 Administra\u00e7\u00e3o;<\/span><\/li>\n<li><span style=\"color: #000000; font-family: arial, helvetica, sans-serif;\">Diplomados em Cursos Sequenciais de Forma\u00e7\u00e3o Espec\u00edfica conexos \u00e0 Administra\u00e7\u00e3o; e<\/span><\/li>\n<li><span style=\"color: #000000; font-family: arial, helvetica, sans-serif;\">T\u00e9cnicos em Administra\u00e7\u00e3o &#8211; N\u00edvel M\u00e9dio;<\/span><\/li>\n<li><span style=\"color: #000000; font-family: arial, helvetica, sans-serif;\">Mestres em Administra\u00e7\u00e3o; e<\/span><\/li>\n<li><span style=\"color: #000000; font-family: arial, helvetica, sans-serif;\">Doutores em Administra\u00e7\u00e3o;<\/span><\/li>\n<\/ul>\n<p><span style=\"color: #000000; font-family: arial, helvetica, sans-serif;\">III &#8211; Aos Estrangeiros autorizados a trabalhar no Brasil, fornecendo a Carteira de Identidade Profissional na cor <strong>CINZA<\/strong>.<\/span><\/p>\n<\/div>\n<\/div>\n<\/div>\n<\/div>\n<\/div>\n<\/div>\n<\/div>\n<\/div>\n<\/section>\n<\/div>\n<\/div>\n<\/div>\n<\/div>\n","protected":false},"excerpt":{"rendered":"<p>VAMOS SE REGISTRAR? A Resolu\u00e7\u00e3o Normativa CFA N\u00ba 649, de\u00a0 28 de maio de 2024, aprova o regulamento de registro do Sistema CFA\/CRAs. De acordo com o art. 2\u00ba da [&hellip;]<\/p>\n","protected":false},"author":25,"featured_media":62325,"comment_status":"open","ping_status":"open","sticky":false,"template":"","format":"standard","meta":{"footnotes":"","_links_to":"","_links_to_target":""},"categories":[320,476],"tags":[],"class_list":["post-59582","post","type-post","status-publish","format-standard","has-post-thumbnail","hentry","category-home","category-menu-de-imagens","entry","has-media"],"_links":{"self":[{"href":"https:\/\/crapa.org.br\/index.php?rest_route=\/wp\/v2\/posts\/59582","targetHints":{"allow":["GET"]}}],"collection":[{"href":"https:\/\/crapa.org.br\/index.php?rest_route=\/wp\/v2\/posts"}],"about":[{"href":"https:\/\/crapa.org.br\/index.php?rest_route=\/wp\/v2\/types\/post"}],"author":[{"embeddable":true,"href":"https:\/\/crapa.org.br\/index.php?rest_route=\/wp\/v2\/users\/25"}],"replies":[{"embeddable":true,"href":"https:\/\/crapa.org.br\/index.php?rest_route=%2Fwp%2Fv2%2Fcomments&post=59582"}],"version-history":[{"count":10,"href":"https:\/\/crapa.org.br\/index.php?rest_route=\/wp\/v2\/posts\/59582\/revisions"}],"predecessor-version":[{"id":69720,"href":"https:\/\/crapa.org.br\/index.php?rest_route=\/wp\/v2\/posts\/59582\/revisions\/69720"}],"wp:featuredmedia":[{"embeddable":true,"href":"https:\/\/crapa.org.br\/index.php?rest_route=\/wp\/v2\/media\/62325"}],"wp:attachment":[{"href":"https:\/\/crapa.org.br\/index.php?rest_route=%2Fwp%2Fv2%2Fmedia&parent=59582"}],"wp:term":[{"taxonomy":"category","embeddable":true,"href":"https:\/\/crapa.org.br\/index.php?rest_route=%2Fwp%2Fv2%2Fcategories&post=59582"},{"taxonomy":"post_tag","embeddable":true,"href":"https:\/\/crapa.org.br\/index.php?rest_route=%2Fwp%2Fv2%2Ftags&post=59582"}],"curies":[{"name":"wp","href":"https:\/\/api.w.org\/{rel}","templated":true}]}}