{"id":60266,"date":"2018-06-08T14:23:17","date_gmt":"2018-06-08T17:23:17","guid":{"rendered":"https:\/\/crapa.org.br\/?p=60266"},"modified":"2021-09-27T18:03:33","modified_gmt":"2021-09-27T21:03:33","slug":"junta-interventora-e-conselheiro-federal","status":"publish","type":"post","link":"https:\/\/crapa.org.br\/?p=60266","title":{"rendered":"Junta Interventora e Conselheiro Federal na Plen\u00e1ria do CFA"},"content":{"rendered":"<p>Nos dias 21 e 22 de mar\u00e7o de 2018, a Junta Interventora do CRA-PA, composta pelos Administradores Amilcar Pacheco dos Santos (presidente), Francisco Rog\u00e9rio Cristino e Marcos Kalebbe Saraiva, estiveram em Bras\u00edlia\/DF para participar da reuni\u00e3o plen\u00e1ria do Conselho Federal de Administra\u00e7\u00e3o, juntamente com o Conselheiro Federal pelo Par\u00e1, Adm. Mauro dos Santos Le\u00f4nidas.<\/p>\n<p>A Sess\u00e3o Plen\u00e1ria, realizada na sede do CFA, contou com a participa\u00e7\u00e3o de outros vinte e tr\u00eas conselheiros federais.\u00a0Entre os assuntos tratados, estiveram alguns projetos que ser\u00e3o desenvolvidos neste ano pelo Sistema CFA\/CRAs.<\/p>\n<p>A pauta do encontro foi bem extensa passando desde a apresenta\u00e7\u00e3o de relat\u00f3rio do per\u00edodo da interven\u00e7\u00e3o, das atividades que est\u00e3o sendo desenvolvidas e dos resultados alcan\u00e7ados.<\/p>\n<p>O presidente do CRA-PA, Adm. Amilcar Pacheco, exp\u00f4s todos os avan\u00e7os que est\u00e3o sendo alcan\u00e7ados, assim como as melhorias que ainda necessitam implementar no Regional. \u201cS\u00e3o todas a\u00e7\u00f5es muito positivas. Sempre com foco na solu\u00e7\u00e3o dos problemas e benef\u00edcios para a categoria profissional\u201d, disse o presidente.<\/p>\n","protected":false},"excerpt":{"rendered":"<p>Nos dias 21 e 22 de mar\u00e7o de 2018, a Junta Interventora do CRA-PA, composta pelos Administradores Amilcar Pacheco dos Santos (presidente), Francisco Rog\u00e9rio Cristino e Marcos Kalebbe Saraiva, estiveram [&hellip;]<\/p>\n","protected":false},"author":25,"featured_media":62337,"comment_status":"closed","ping_status":"closed","sticky":false,"template":"","format":"standard","meta":{"footnotes":"","_links_to":"","_links_to_target":""},"categories":[313,309],"tags":[],"class_list":["post-60266","post","type-post","status-publish","format-standard","has-post-thumbnail","hentry","category-ano-2018","category-ultimas-noticias","entry","has-media"],"_links":{"self":[{"href":"https:\/\/crapa.org.br\/index.php?rest_route=\/wp\/v2\/posts\/60266","targetHints":{"allow":["GET"]}}],"collection":[{"href":"https:\/\/crapa.org.br\/index.php?rest_route=\/wp\/v2\/posts"}],"about":[{"href":"https:\/\/crapa.org.br\/index.php?rest_route=\/wp\/v2\/types\/post"}],"author":[{"embeddable":true,"href":"https:\/\/crapa.org.br\/index.php?rest_route=\/wp\/v2\/users\/25"}],"replies":[{"embeddable":true,"href":"https:\/\/crapa.org.br\/index.php?rest_route=%2Fwp%2Fv2%2Fcomments&post=60266"}],"version-history":[{"count":0,"href":"https:\/\/crapa.org.br\/index.php?rest_route=\/wp\/v2\/posts\/60266\/revisions"}],"wp:featuredmedia":[{"embeddable":true,"href":"https:\/\/crapa.org.br\/index.php?rest_route=\/wp\/v2\/media\/62337"}],"wp:attachment":[{"href":"https:\/\/crapa.org.br\/index.php?rest_route=%2Fwp%2Fv2%2Fmedia&parent=60266"}],"wp:term":[{"taxonomy":"category","embeddable":true,"href":"https:\/\/crapa.org.br\/index.php?rest_route=%2Fwp%2Fv2%2Fcategories&post=60266"},{"taxonomy":"post_tag","embeddable":true,"href":"https:\/\/crapa.org.br\/index.php?rest_route=%2Fwp%2Fv2%2Ftags&post=60266"}],"curies":[{"name":"wp","href":"https:\/\/api.w.org\/{rel}","templated":true}]}}