{"id":62654,"date":"2021-08-16T13:09:50","date_gmt":"2021-08-16T16:09:50","guid":{"rendered":"https:\/\/crapa.org.br\/p=62654"},"modified":"2021-09-02T19:19:45","modified_gmt":"2021-09-02T22:19:45","slug":"novidade-cra-pa-lanca-cartilha-inedita-sobre-o-exercicio-da-profissao","status":"publish","type":"post","link":"https:\/\/crapa.org.br\/?p=62654","title":{"rendered":"Novidade! CRA-PA lan\u00e7a Cartilha in\u00e9dita sobre o exerc\u00edcio da profiss\u00e3o"},"content":{"rendered":"<p class=\"western\" align=\"justify\"><span style=\"color: #000000;\">\u201c<span style=\"font-family: Arial, sans-serif;\"><span style=\"font-size: medium;\"><span style=\"font-size: large;\"><i><b>Voc\u00ea sabe o que \u00e9 o exerc\u00edcio ilegal da profiss\u00e3o?\u201d A pergunta parece simples e objetiva, mas por tr\u00e1s h\u00e1 muito desconhecimento e falta de informa\u00e7\u00e3o. <\/b><\/i><\/span><\/span><\/span><\/span><\/p>\n<p class=\"western\" align=\"justify\"><span style=\"color: #000000;\"><span style=\"font-family: Arial, sans-serif;\"><span style=\"font-size: large;\">Com a proposta de desmistificar este tema e abordar conte\u00fados que geram muitos questionamentos o Conselho Regional de Administra\u00e7\u00e3o do Par\u00e1 lan\u00e7ou a <\/span><\/span><span style=\"font-family: Arial, sans-serif;\"><span style=\"font-size: large;\"><span lang=\"pt-BR\">Cartilha de Orienta\u00e7\u00e3o para o Exerc\u00edcio das Atividades dos Profissionais de Administra\u00e7\u00e3o. A publica\u00e7\u00e3o apresenta, de forma did\u00e1tica, informa\u00e7\u00f5es sobre as \u00e1reas de atua\u00e7\u00e3o e tem o objetivo de ampliar a visibilidade da profiss\u00e3o para toda a sociedade. <\/span><\/span><\/span><\/span><\/p>\n<p class=\"western\" align=\"justify\"><span style=\"font-family: Arial, sans-serif; color: #000000;\"><span style=\"font-size: large;\">O Guia traz informa\u00e7\u00f5es gerais, com destaque aos aspectos da legisla\u00e7\u00e3o profissional, campos de atua\u00e7\u00e3o, \u00e9tica, registro de pessoas f\u00edsicas e jur\u00eddicas e visa instrumentalizar a fiscaliza\u00e7\u00e3o para atuar de forma educativa e orientativa, contribuindo para a preven\u00e7\u00e3o de procedimentos irregulares quanto ao exerc\u00edcio das atividades dos profissionais de Administra\u00e7\u00e3o. <\/span><\/span><\/p>\n<p class=\"western\" align=\"justify\"><span style=\"font-family: Arial, sans-serif; color: #000000;\"><span style=\"font-size: large;\">A Cartilha tamb\u00e9m \u00e9 uma ferramenta de consulta para orientar e auxiliar os gestores p\u00fablicos e privados, esclarecendo d\u00favidas sobre preenchimento de cargos que envolvam as \u00e1reas de atua\u00e7\u00e3o do Administrador e surgiu da necessidade de sistematizar, em um \u00fanico documento, as informa\u00e7\u00f5es pertinentes ao exerc\u00edcio profissional, ao papel do Conselho Regional, bem como aos procedimentos a serem adotados para garantia e observ\u00e2ncia da Lei 4.769, de 09\/09\/1965 e do seu Regulamento &#8211; Decreto 61.934, de 22\/12\/1967. <\/span><\/span><\/p>\n<p class=\"western\" align=\"justify\"><span style=\"font-family: Arial, sans-serif; color: #000000;\"><span style=\"font-size: large;\">Segundo o presidente do CRA-PA, Adm. F\u00e1bio L\u00facio de S. Costa, a sociedade carece de conhecimento sobre a atua\u00e7\u00e3o dos profissionais de Administra\u00e7\u00e3o e dos segmentos empresariais obrigat\u00f3rios ao registro. \u201cA entidade deve entregar documentos t\u00e9cnicos que subsidiar\u00e3o as a\u00e7\u00f5es de fiscaliza\u00e7\u00e3o e conscientiza\u00e7\u00e3o do empresariado e dos gestores p\u00fablicos\u201d, pontuou o presidente.<\/span><\/span><\/p>\n<p class=\"western\" align=\"justify\"><span style=\"color: #000000;\"><span style=\"font-family: Arial, sans-serif;\"><span style=\"font-size: large;\">O Conselho, por meio deste produto, reitera o seu compromisso em orientar e zelar pela defesa do campo de atua\u00e7\u00e3o dos seus profissionais registrados. <\/span><\/span><\/span><\/p>\n<p class=\"western\" align=\"justify\"><span style=\"color: #000000;\"><span style=\"font-family: Arial, sans-serif;\"><span style=\"font-size: large;\"><a href=\"https:\/\/cra-pa.implanta.net.br\/PortalTransparencia\/Publico\/ArquivosAnexos\/Download?idArquivoAnexo=7cc5077a-c00b-4ec5-8a7d-077e8b7c7e6c\" target=\"_blank\" rel=\"noopener\"><strong><span style=\"color: #000080;\">Clique aqui<\/span><\/strong><\/a> e acesse a Cartilha.<\/span><\/span><\/span><\/p>\n<p class=\"western\" align=\"justify\">\n","protected":false},"excerpt":{"rendered":"<p>\u201cVoc\u00ea sabe o que \u00e9 o exerc\u00edcio ilegal da profiss\u00e3o?\u201d A pergunta parece simples e objetiva, mas por tr\u00e1s h\u00e1 muito desconhecimento e falta de informa\u00e7\u00e3o. Com a proposta de [&hellip;]<\/p>\n","protected":false},"author":31,"featured_media":62655,"comment_status":"open","ping_status":"open","sticky":false,"template":"","format":"standard","meta":{"footnotes":"","_links_to":"","_links_to_target":""},"categories":[569,309],"tags":[],"class_list":["post-62654","post","type-post","status-publish","format-standard","has-post-thumbnail","hentry","category-ano-2021","category-ultimas-noticias","entry","has-media"],"_links":{"self":[{"href":"https:\/\/crapa.org.br\/index.php?rest_route=\/wp\/v2\/posts\/62654","targetHints":{"allow":["GET"]}}],"collection":[{"href":"https:\/\/crapa.org.br\/index.php?rest_route=\/wp\/v2\/posts"}],"about":[{"href":"https:\/\/crapa.org.br\/index.php?rest_route=\/wp\/v2\/types\/post"}],"author":[{"embeddable":true,"href":"https:\/\/crapa.org.br\/index.php?rest_route=\/wp\/v2\/users\/31"}],"replies":[{"embeddable":true,"href":"https:\/\/crapa.org.br\/index.php?rest_route=%2Fwp%2Fv2%2Fcomments&post=62654"}],"version-history":[{"count":0,"href":"https:\/\/crapa.org.br\/index.php?rest_route=\/wp\/v2\/posts\/62654\/revisions"}],"wp:featuredmedia":[{"embeddable":true,"href":"https:\/\/crapa.org.br\/index.php?rest_route=\/wp\/v2\/media\/62655"}],"wp:attachment":[{"href":"https:\/\/crapa.org.br\/index.php?rest_route=%2Fwp%2Fv2%2Fmedia&parent=62654"}],"wp:term":[{"taxonomy":"category","embeddable":true,"href":"https:\/\/crapa.org.br\/index.php?rest_route=%2Fwp%2Fv2%2Fcategories&post=62654"},{"taxonomy":"post_tag","embeddable":true,"href":"https:\/\/crapa.org.br\/index.php?rest_route=%2Fwp%2Fv2%2Ftags&post=62654"}],"curies":[{"name":"wp","href":"https:\/\/api.w.org\/{rel}","templated":true}]}}