{"id":62698,"date":"2021-08-27T17:49:19","date_gmt":"2021-08-27T20:49:19","guid":{"rendered":"https:\/\/crapa.org.br\/p=62698"},"modified":"2021-08-27T19:38:57","modified_gmt":"2021-08-27T22:38:57","slug":"62698-2","status":"publish","type":"post","link":"https:\/\/crapa.org.br\/?p=62698","title":{"rendered":"Representantes do CRA-PA realizam visita t\u00e9cnica na sede do CRA-RJ"},"content":{"rendered":"<p class=\"western\" align=\"justify\"><span style=\"font-family: Arial, sans-serif; color: #000000;\"><span style=\"font-size: medium;\">O presidente do Conselho Regional de Administra\u00e7\u00e3o do Par\u00e1 (CRA-PA), F\u00e1bio L\u00facio Costa, acompanhado do conselheiro Hinton Portilho Bentes, visitou, no dia 13 de agosto, a sede do Conselho Regional de Administra\u00e7\u00e3o do Rio de Janeiro (CRA-RJ). A ida dos conselheiros ao Regional Fluminense faz parte de uma agenda de visitas t\u00e9cnicas aos CRAs, a fim de ver os avan\u00e7os da gest\u00e3o e pautar assuntos de interesse da Administra\u00e7\u00e3o.<\/span><\/span><\/p>\n<p class=\"western\" align=\"justify\"><span style=\"font-family: Arial, sans-serif; color: #000000;\"><span style=\"font-size: medium;\">Al\u00e9m da assinatura de um conv\u00eanio com a Universidade Corporativa do Administrado (UCAdm), os representantes do Regional paraense tiveram a oportunidade de se reunir com diferentes diretores de \u00e1rea, conhecendo todos os servi\u00e7os e a\u00e7\u00f5es realizados na sede do CRA-RJ, especialmente no que tange \u00e0 forma\u00e7\u00e3o profissional, comunica\u00e7\u00e3o, registro, fiscaliza\u00e7\u00e3o e tecnologia. <\/span><\/span><\/p>\n<p class=\"western\" align=\"justify\"><span style=\"font-family: Arial, sans-serif; color: #000000;\"><span style=\"font-size: medium;\">O presidente do CRA-PA elogiou a estrutura organizacional do Conselho fluminense e agradeceu a acolhida do presidente Leocir Dal Pai e toda sua equipe. \u201cEssa troca de viv\u00eancias conhecendo procedimentos e rotinas administrativas entre os conselhos regionais \u00e9 muito importante para a melhoria dos processos internos e, consequentemente, dos servi\u00e7os prestados \u00e0 classe dos Administradores em todos os estados&#8221;, afirma F\u00e1bio L\u00facio Costa.<\/span><\/span><\/p>\n<p align=\"justify\" data-wp-editing=\"1\"><img decoding=\"async\" class=\"aligncenter wp-image-62699\" src=\"http:\/\/https:\/\/crapa.org.br\/wp-content\/uploads\/2021\/08\/CRA-RJ4.jpg\" alt=\"\" width=\"400\" height=\"300\" \/><\/p>\n<p class=\"western\" align=\"justify\">\n","protected":false},"excerpt":{"rendered":"<p>O presidente do Conselho Regional de Administra\u00e7\u00e3o do Par\u00e1 (CRA-PA), F\u00e1bio L\u00facio Costa, acompanhado do conselheiro Hinton Portilho Bentes, visitou, no dia 13 de agosto, a sede do Conselho Regional [&hellip;]<\/p>\n","protected":false},"author":31,"featured_media":62676,"comment_status":"open","ping_status":"open","sticky":false,"template":"","format":"standard","meta":{"footnotes":"","_links_to":"","_links_to_target":""},"categories":[569,309],"tags":[],"class_list":["post-62698","post","type-post","status-publish","format-standard","has-post-thumbnail","hentry","category-ano-2021","category-ultimas-noticias","entry","has-media"],"_links":{"self":[{"href":"https:\/\/crapa.org.br\/index.php?rest_route=\/wp\/v2\/posts\/62698","targetHints":{"allow":["GET"]}}],"collection":[{"href":"https:\/\/crapa.org.br\/index.php?rest_route=\/wp\/v2\/posts"}],"about":[{"href":"https:\/\/crapa.org.br\/index.php?rest_route=\/wp\/v2\/types\/post"}],"author":[{"embeddable":true,"href":"https:\/\/crapa.org.br\/index.php?rest_route=\/wp\/v2\/users\/31"}],"replies":[{"embeddable":true,"href":"https:\/\/crapa.org.br\/index.php?rest_route=%2Fwp%2Fv2%2Fcomments&post=62698"}],"version-history":[{"count":0,"href":"https:\/\/crapa.org.br\/index.php?rest_route=\/wp\/v2\/posts\/62698\/revisions"}],"wp:featuredmedia":[{"embeddable":true,"href":"https:\/\/crapa.org.br\/index.php?rest_route=\/wp\/v2\/media\/62676"}],"wp:attachment":[{"href":"https:\/\/crapa.org.br\/index.php?rest_route=%2Fwp%2Fv2%2Fmedia&parent=62698"}],"wp:term":[{"taxonomy":"category","embeddable":true,"href":"https:\/\/crapa.org.br\/index.php?rest_route=%2Fwp%2Fv2%2Fcategories&post=62698"},{"taxonomy":"post_tag","embeddable":true,"href":"https:\/\/crapa.org.br\/index.php?rest_route=%2Fwp%2Fv2%2Ftags&post=62698"}],"curies":[{"name":"wp","href":"https:\/\/api.w.org\/{rel}","templated":true}]}}