{"id":62717,"date":"2021-08-26T19:35:16","date_gmt":"2021-08-26T22:35:16","guid":{"rendered":"https:\/\/crapa.org.br\/p=62717"},"modified":"2021-08-27T19:39:34","modified_gmt":"2021-08-27T22:39:34","slug":"you-are-currently-viewing-dados-de-2021-do-igm-cfa-sao-abertos-ao-publico-dados-de-2021-do-igm-cfa-sao-abertos-ao-publico","status":"publish","type":"post","link":"https:\/\/crapa.org.br\/?p=62717","title":{"rendered":"Dados de 2021 do IGM-CFA s\u00e3o abertos ao p\u00fablico Dados de 2021 do IGM-CFA s\u00e3o abertos ao p\u00fablico"},"content":{"rendered":"<p><span style=\"color: #000000;\">Ap\u00f3s ter sido atualizado em abril deste ano, o \u00cdndice CFA de Governan\u00e7a Municipal, IGM-CFA, ainda reservava algumas informa\u00e7\u00f5es apenas para acesso exclusivo dos profissionais de Administra\u00e7\u00e3o registrados em CRA e em dia com as obriga\u00e7\u00f5es junto ao regional.<\/span><\/p>\n<p><span style=\"color: #000000;\">A novidade \u00e9 que quem acessar <a style=\"color: #000000;\" href=\"https:\/\/igm.cfa.org.br\/\">o <strong><span style=\"color: #003366;\">site do \u00edndice<\/span><\/strong><\/a> a partir desta quinta-feira, 5, ver\u00e1 que os dados estar\u00e3o disponibilizados para todas as pessoas que que tiverem interesse na plataforma. O Conselho Federal de Administra\u00e7\u00e3o (CFA) busca, com isso, participar ativamente da Gest\u00e3o P\u00fablica brasileira, por meio da forma\u00e7\u00e3o dos dirigentes dos munic\u00edpios, e colocar o trabalho da autarquia \u00e0 servi\u00e7o da sociedade.\u00a0<\/span><\/p>\n<p><span style=\"color: #000000;\">\u201cO IGM-CFA vem sendo uma grande ferramenta de Gest\u00e3o P\u00fablica Municipal desde 2017, sendo o Sistema CFA\/CRAs uma representatividade dos Profissionais de Administra\u00e7\u00e3o, deixa uma entrega efetiva \u00e0 na\u00e7\u00e3o brasileira\u201d, afirma o diretor da C\u00e2mara de Gest\u00e3o P\u00fablica do CFA.\u00a0<\/span><\/p>\n<p><span style=\"color: #000000;\">De acordo com ele, \u201cao diagnosticar o Brasil cientificamente com dados e informa\u00e7\u00f5es, temos um direcionamento de planejamento presente, visando o futuro,\u00a0 principalmente em um ano \u00edmpar no qual devem ser apresentados os Planos Plurianuais PPAs dos munic\u00edpios, estados, Distrito Federal e governo federal\u201d.\u00a0<\/span><\/p>\n<p><span style=\"color: #000000;\"><i>O IGM\u00a0<\/i><\/span><\/p>\n<p><span style=\"color: #000000;\">A atualiza\u00e7\u00e3o do estudo \u00e9 realizada anualmente e nesta edi\u00e7\u00e3o, mant\u00e9m a estrutura base do IGM, exceto no indicador Transpar\u00eancia. Tal vari\u00e1vel, cuja \u00faltima atualiza\u00e7\u00e3o foi em 2016, foi substitu\u00edda pela vari\u00e1vel Transpar\u00eancia Municipal, que \u00e9 de 2019 e avalia 21 itens. Por exemplo, se h\u00e1 no munic\u00edpio p\u00e1gina de transpar\u00eancia p\u00fablica, se s\u00e3o disponibilizadas informa\u00e7\u00f5es em tempo real sobre a execu\u00e7\u00e3o or\u00e7ament\u00e1ria e se h\u00e1 meios de acesso \u00e0 informa\u00e7\u00e3o p\u00fablica.\u00a0<\/span><\/p>\n<p><span style=\"color: #000000;\">Nesta nova vers\u00e3o do IGM-CFA, o dado mais antigo \u00e9 de 2019 o que, segundo o diretor, traz mais efici\u00eancia e efetividade na consolida\u00e7\u00e3o das informa\u00e7\u00f5es, uma vez que n\u00e3o ficam ultrapassadas. \u00c0 \u00e9poca da atualiza\u00e7\u00e3o, ele afirmou que \u201cas contribui\u00e7\u00f5es do IGM-CFA s\u00e3o fant\u00e1sticas para os gestores p\u00fablicos que visam efetivamente fazer um trabalho t\u00e9cnico cient\u00edfico\u201d.\u00a0<\/span><\/p>\n<p><span style=\"color: #000000;\"><i>Contribui\u00e7\u00e3o<\/i><\/span><\/p>\n<p><span style=\"color: #000000;\">O \u00cdndice CFA de Governan\u00e7a Municipal (IGM-CFA) desenvolvido pelo Conselho Federal de Administra\u00e7\u00e3o (CFA), por meio da C\u00e2mara de Gest\u00e3o P\u00fablica, \u00e9 uma ferramenta que visa auxiliar gestores municipais a visualizar as necessidades e\/ou boas pr\u00e1ticas de sua regi\u00e3o, priorizar pol\u00edticas p\u00fablicas, al\u00e9m de promover o debate sobre a import\u00e2ncia da gest\u00e3o municipal profissional.<\/span><\/p>\n<p><span style=\"color: #000000;\">A ferramenta consolida dados de mais de 5 mil munic\u00edpios brasileiros e contribui diretamente com subs\u00eddios estat\u00edsticos para tomadas de decis\u00e3o e promulga\u00e7\u00e3o de pol\u00edticas p\u00fablicas. Assim, permite ao gestor p\u00fablico mais embasamento para planejar a gest\u00e3o municipal, executando as a\u00e7\u00f5es com mais seguran\u00e7a e transpar\u00eancia.\u00a0<\/span><\/p>\n<p><span style=\"color: #000000;\">\u201cEstamos em um ano \u00edmpar, per\u00edodo de entrega dos Planos Plurianuais. Nesse momento, o gestor ter\u00e1 que deliberar sobre a gest\u00e3o que far\u00e1 nos pr\u00f3ximos quatro anos. \u00c9 hora, portanto, de planejar o futuro\u201d, afirmou Mac\u00eado quando da atualiza\u00e7\u00e3o.\u00a0<\/span><\/p>\n<p><span style=\"color: #000000;\">Acesso exclusivo<\/span><\/p>\n<p><span style=\"color: #000000;\">Vale lembrar que, apesar da divulga\u00e7\u00e3o do IGM-CFA 2021 ao p\u00fablico em geral, o acesso exclusivo ainda conta com informa\u00e7\u00f5es, dados, pain\u00e9is e mapas restritos aos profissionais de Administra\u00e7\u00e3o registrados junto ao CRA e em dia com as anuidades.<\/span><\/p>\n<p>Elisa Ventura<br \/>\nAssessoria de Comunica\u00e7\u00e3o CFA<\/p>\n","protected":false},"excerpt":{"rendered":"<p>Ap\u00f3s ter sido atualizado em abril deste ano, o \u00cdndice CFA de Governan\u00e7a Municipal, IGM-CFA, ainda reservava algumas informa\u00e7\u00f5es apenas para acesso exclusivo dos profissionais de Administra\u00e7\u00e3o registrados em CRA [&hellip;]<\/p>\n","protected":false},"author":31,"featured_media":62718,"comment_status":"open","ping_status":"open","sticky":false,"template":"","format":"standard","meta":{"footnotes":"","_links_to":"","_links_to_target":""},"categories":[569,309],"tags":[],"class_list":["post-62717","post","type-post","status-publish","format-standard","has-post-thumbnail","hentry","category-ano-2021","category-ultimas-noticias","entry","has-media"],"_links":{"self":[{"href":"https:\/\/crapa.org.br\/index.php?rest_route=\/wp\/v2\/posts\/62717","targetHints":{"allow":["GET"]}}],"collection":[{"href":"https:\/\/crapa.org.br\/index.php?rest_route=\/wp\/v2\/posts"}],"about":[{"href":"https:\/\/crapa.org.br\/index.php?rest_route=\/wp\/v2\/types\/post"}],"author":[{"embeddable":true,"href":"https:\/\/crapa.org.br\/index.php?rest_route=\/wp\/v2\/users\/31"}],"replies":[{"embeddable":true,"href":"https:\/\/crapa.org.br\/index.php?rest_route=%2Fwp%2Fv2%2Fcomments&post=62717"}],"version-history":[{"count":0,"href":"https:\/\/crapa.org.br\/index.php?rest_route=\/wp\/v2\/posts\/62717\/revisions"}],"wp:featuredmedia":[{"embeddable":true,"href":"https:\/\/crapa.org.br\/index.php?rest_route=\/wp\/v2\/media\/62718"}],"wp:attachment":[{"href":"https:\/\/crapa.org.br\/index.php?rest_route=%2Fwp%2Fv2%2Fmedia&parent=62717"}],"wp:term":[{"taxonomy":"category","embeddable":true,"href":"https:\/\/crapa.org.br\/index.php?rest_route=%2Fwp%2Fv2%2Fcategories&post=62717"},{"taxonomy":"post_tag","embeddable":true,"href":"https:\/\/crapa.org.br\/index.php?rest_route=%2Fwp%2Fv2%2Ftags&post=62717"}],"curies":[{"name":"wp","href":"https:\/\/api.w.org\/{rel}","templated":true}]}}