{"id":62889,"date":"2021-08-15T18:51:49","date_gmt":"2021-08-15T21:51:49","guid":{"rendered":"https:\/\/crapa.org.br\/?p=62889"},"modified":"2021-09-02T13:00:56","modified_gmt":"2021-09-02T16:00:56","slug":"cra-pa-recebe-a-visita-da-deputada-heloisa-guimaraes","status":"publish","type":"post","link":"https:\/\/crapa.org.br\/?p=62889","title":{"rendered":"CRA-PA recebe a visita da Deputada Heloisa Guimar\u00e3es"},"content":{"rendered":"<p align=\"justify\"><span style=\"color: #000000;\"><span style=\"font-family: arial, helvetica, sans-serif;\">O Conselho Regional de Administra\u00e7\u00e3o do Par\u00e1, recebeu, na manh\u00e3 da quarta-feira (04\/08), a ilustre visita da deputada estadual Dra. Helo\u00edsa Guimar\u00e3es, idealizadora do PL n\u00ba 206\/2020, que tramita na Assembleia Legislativa do Estado do Par\u00e1 e institui em \u00e2mbito estadual o Dia 09 de setembro como Dia do Administrador.<\/span><\/span><\/p>\n<p align=\"justify\"><span style=\"color: #000000;\"><span style=\"font-family: arial, helvetica, sans-serif;\"><span style=\"font-family: Arial, sans-serif;\"><span style=\"font-size: medium;\">O Projeto de Lei, defendido e trabalhado pelo presidente F\u00e1bio L\u00facio Costa e teve tamb\u00e9m, o apoio de todos os conselheiros, tem como objetivo o reconhecimento e a valoriza\u00e7\u00e3o de t\u00e3o importante profissional para a nossa sociedade e sua aprova\u00e7\u00e3o, em primeiro turno, foi recebido com muito entusiasmo pelos diretores do CRA-PA. O presidente agradeceu a sensibilidade da Deputada Dra. Helo\u00edsa Guimar\u00e3es quento ao pleito.<\/span><\/span><\/span><\/span><\/p>\n<p align=\"justify\"><span style=\"color: #000000;\"><span style=\"font-family: arial, helvetica, sans-serif;\">&#8220;A administra\u00e7\u00e3o \u00e9 exercida em todos os locais, a gente precisa valorizar esses profissionais que normalmente est\u00e3o por tr\u00e1s do sucesso da empresa. Ele \u00e9 considerado tamb\u00e9m o que motiva a equipe. A Lei nacional j\u00e1 tem 55 anos, e no Par\u00e1 n\u00e3o temos, ainda, essa lei que aprecia o profissional de Administra\u00e7\u00e3o. Tive esse olhar por uma profiss\u00e3o que \u00e9 umas das mais procuradas para a retomada em qualquer que seja a empresa&#8221;, disse a deputada Dra. Heloisa Guimar\u00e3es. <\/span><\/span><\/p>\n<p align=\"justify\"><span style=\"color: #000000;\"><span style=\"font-family: arial, helvetica, sans-serif;\">O encontro teve ainda como objetivo relatar os principais anseios da categoria e buscar apoio da parlamentar para as a\u00e7\u00f5es desenvolvidas em prol dos profissionais de Administra\u00e7\u00e3o. Estavam presentes na reuni\u00e3o, a vice-presidente do CRA-PA, Conselheira Adm. Delma Oliveira, o Conselheiro Regional, Adm. Hinton Bentes, o Superintendente do CRA-PA, Adm. Aquilino Reis e o Superintendente da ACP, L\u00facio Cavalcanti.<\/span><\/span><\/p>\n<p align=\"justify\"><img decoding=\"async\" class=\"aligncenter wp-image-62891 size-medium\" src=\"https:\/\/crapa.org.br\/wp-content\/uploads\/2021\/09\/Deputada1-2-300x169.jpg\" alt=\"\" width=\"300\" height=\"169\" srcset=\"https:\/\/crapa.org.br\/wp-content\/uploads\/2021\/09\/Deputada1-2-300x169.jpg 300w, https:\/\/crapa.org.br\/wp-content\/uploads\/2021\/09\/Deputada1-2-768x432.jpg 768w, https:\/\/crapa.org.br\/wp-content\/uploads\/2021\/09\/Deputada1-2-1024x576.jpg 1024w, https:\/\/crapa.org.br\/wp-content\/uploads\/2021\/09\/Deputada1-2.jpg 1280w\" sizes=\"(max-width: 300px) 100vw, 300px\" \/><\/p>\n","protected":false},"excerpt":{"rendered":"<p>O Conselho Regional de Administra\u00e7\u00e3o do Par\u00e1, recebeu, na manh\u00e3 da quarta-feira (04\/08), a ilustre visita da deputada estadual Dra. Helo\u00edsa Guimar\u00e3es, idealizadora do PL n\u00ba 206\/2020, que tramita na [&hellip;]<\/p>\n","protected":false},"author":31,"featured_media":62894,"comment_status":"open","ping_status":"open","sticky":false,"template":"","format":"standard","meta":{"footnotes":"","_links_to":"","_links_to_target":""},"categories":[569,309],"tags":[],"class_list":["post-62889","post","type-post","status-publish","format-standard","has-post-thumbnail","hentry","category-ano-2021","category-ultimas-noticias","entry","has-media"],"_links":{"self":[{"href":"https:\/\/crapa.org.br\/index.php?rest_route=\/wp\/v2\/posts\/62889","targetHints":{"allow":["GET"]}}],"collection":[{"href":"https:\/\/crapa.org.br\/index.php?rest_route=\/wp\/v2\/posts"}],"about":[{"href":"https:\/\/crapa.org.br\/index.php?rest_route=\/wp\/v2\/types\/post"}],"author":[{"embeddable":true,"href":"https:\/\/crapa.org.br\/index.php?rest_route=\/wp\/v2\/users\/31"}],"replies":[{"embeddable":true,"href":"https:\/\/crapa.org.br\/index.php?rest_route=%2Fwp%2Fv2%2Fcomments&post=62889"}],"version-history":[{"count":0,"href":"https:\/\/crapa.org.br\/index.php?rest_route=\/wp\/v2\/posts\/62889\/revisions"}],"wp:featuredmedia":[{"embeddable":true,"href":"https:\/\/crapa.org.br\/index.php?rest_route=\/wp\/v2\/media\/62894"}],"wp:attachment":[{"href":"https:\/\/crapa.org.br\/index.php?rest_route=%2Fwp%2Fv2%2Fmedia&parent=62889"}],"wp:term":[{"taxonomy":"category","embeddable":true,"href":"https:\/\/crapa.org.br\/index.php?rest_route=%2Fwp%2Fv2%2Fcategories&post=62889"},{"taxonomy":"post_tag","embeddable":true,"href":"https:\/\/crapa.org.br\/index.php?rest_route=%2Fwp%2Fv2%2Ftags&post=62889"}],"curies":[{"name":"wp","href":"https:\/\/api.w.org\/{rel}","templated":true}]}}