{"id":64486,"date":"2022-06-09T11:29:57","date_gmt":"2022-06-09T14:29:57","guid":{"rendered":"https:\/\/crapa.org.br\/?p=64486"},"modified":"2022-06-14T17:36:13","modified_gmt":"2022-06-14T20:36:13","slug":"cra-pa-abre-chamamento-publico-para-credenciar-interessados-em-patrocinar-a-edicao-do-xvii-fia","status":"publish","type":"post","link":"https:\/\/crapa.org.br\/?p=64486","title":{"rendered":"CRA-PA abre Chamamento P\u00fablico para credenciar interessados em patrocinar o XVII FIA"},"content":{"rendered":"<p class=\"western\" align=\"justify\"><span style=\"font-family: Arial, sans-serif; color: #000000;\"><span style=\"font-size: medium;\">O Conselho Regional de Administra\u00e7\u00e3o do Par\u00e1 comunica que est\u00e1 aberto o <strong>\u201c<\/strong><strong><b>Edital de Chamamento P\u00fablico n\u00ba 0<\/b><\/strong><strong><b>2<\/b><\/strong><strong><b>\/2022\u201d<\/b><\/strong> com o objetivo de viabilizar<b> <\/b>o credenciamento de pessoas jur\u00eddicas para capta\u00e7\u00e3o de recursos financeiros, por meio de patroc\u00ednio (cotas e venda de estande), para a realiza\u00e7\u00e3o do XVII F\u00d3RUM INTERNACIONAL DE ADMINISTRA\u00c7\u00c3O (FIA 2022), que acontecer\u00e1 no per\u00edodo de 26 a 28 de setembro em Bel\u00e9m\/PA. Poder\u00e3o participar do presente procedimento de sele\u00e7\u00e3o empresas de qualquer porte, entidades sem fins lucrativos e institui\u00e7\u00f5es p\u00fablicas. <\/span><\/span><\/p>\n<p class=\"western\" align=\"justify\"><span style=\"color: #000000;\"><span style=\"font-family: Arial, sans-serif;\"><span style=\"font-size: medium;\">Informa, tamb\u00e9m, que o <\/span><\/span><strong><span style=\"font-family: Arial, sans-serif;\"><span style=\"font-size: medium;\"><b>recebimento d<\/b><\/span><\/span><\/strong><strong><span style=\"font-family: Arial, sans-serif;\"><span style=\"font-size: medium;\"><b>as propostas<\/b><\/span><\/span><\/strong><strong><span style=\"font-family: Arial, sans-serif;\"><span style=\"font-size: medium;\"><b> acontecer\u00e1 <\/b><\/span><\/span><\/strong><strong><span style=\"font-family: Arial, sans-serif;\"><span style=\"font-size: medium;\"><b>no per\u00edodo <\/b><\/span><\/span><\/strong><strong><span style=\"font-family: Arial, sans-serif;\"><span style=\"font-size: medium;\"><b>de <\/b><\/span><\/span><\/strong><strong><span style=\"font-family: Arial, sans-serif;\"><span style=\"font-size: medium;\"><b>23 de maio a 01 de setembro de 2022<\/b><\/span><\/span><\/strong><span style=\"font-family: Arial, sans-serif;\"><span style=\"font-size: medium;\">. <\/span><\/span><span style=\"font-family: Arial, sans-serif;\"><span style=\"font-size: medium;\">Os<\/span><\/span><span style=\"font-family: Arial, sans-serif;\"><span style=\"font-size: medium;\"> interessad<\/span><\/span><span style=\"font-family: Arial, sans-serif;\"><span style=\"font-size: medium;\">o<\/span><\/span><span style=\"font-family: Arial, sans-serif;\"><span style=\"font-size: medium;\">s em participar do processo de credenciamento dever\u00e3o enviar a documenta\u00e7\u00e3o exigida no edital<\/span><\/span> <strong><span style=\"font-family: Arial, sans-serif;\"><span style=\"font-size: medium;\">em <\/span><\/span><\/strong><span style=\"font-family: Arial, sans-serif;\"><span style=\"font-size: medium;\"><strong>formato eletr\u00f4nico<\/strong>, para o<\/span><\/span> <span style=\"font-family: Arial, sans-serif;\"><span style=\"font-size: medium;\">e-mail:<\/span><\/span><b> <\/b><span style=\"font-family: Arial, sans-serif;\"><span style=\"font-size: medium;\">superintend<\/span><\/span><span style=\"font-family: Arial, sans-serif;\"><span style=\"font-size: medium;\">e<\/span><\/span><span style=\"font-family: Arial, sans-serif;\"><span style=\"font-size: medium;\">ncia<\/span><\/span><span style=\"font-family: Arial, sans-serif;\"><span style=\"font-size: medium;\">@cr<\/span><\/span><span style=\"font-family: Arial, sans-serif;\"><span style=\"font-size: medium;\">apa.org.br<\/span><\/span><span style=\"font-family: Arial, sans-serif;\"><span style=\"font-size: medium;\">, ou <\/span><\/span><strong><span style=\"font-family: Arial, sans-serif;\"><span style=\"font-size: medium;\">em formato f\u00edsico<\/span><\/span><\/strong><span style=\"font-family: Arial, sans-serif;\"><span style=\"font-size: medium;\">, para a sede do CR<\/span><\/span><span style=\"font-family: Arial, sans-serif;\"><span style=\"font-size: medium;\">A-PA<\/span><\/span><span style=\"font-family: Arial, sans-serif;\"><span style=\"font-size: medium;\">, localizada \u00e0 Tv. Quintino Bocai\u00fava, n\u00ba 2301, Sala 2303, Bairro Crema\u00e7\u00e3o, Bel\u00e9m\/PA, CEP 66045-315.<\/span><\/span> <span style=\"font-family: Arial, sans-serif;\"><span style=\"font-size: medium;\">T<\/span><\/span><span style=\"font-family: Arial, sans-serif;\"><span style=\"font-size: medium;\">elefone<\/span><\/span><span style=\"font-family: Arial, sans-serif;\"><span style=\"font-size: medium;\">s<\/span><\/span><span style=\"font-family: Arial, sans-serif;\"><span style=\"font-size: medium;\"> para contato (<\/span><\/span><span style=\"font-family: Arial, sans-serif;\"><span style=\"font-size: medium;\">91<\/span><\/span><span style=\"font-family: Arial, sans-serif;\"><span style=\"font-size: medium;\">) 3015-5306\/<\/span><\/span><span style=\"font-family: Arial, sans-serif;\"><span style=\"font-size: medium;\">98896-1347<\/span><\/span><span style=\"font-family: Arial, sans-serif;\"><span style=\"font-size: medium;\">. <\/span><\/span><\/span><\/p>\n<p class=\"western\"><span style=\"color: #000000;\"><strong><span style=\"font-family: Arial, sans-serif;\"><span style=\"font-size: medium;\">Confira <\/span><span style=\"font-size: medium;\">e acesse <\/span><span style=\"font-size: medium;\">as informa\u00e7\u00f5es:<\/span><\/span><\/strong><\/span><\/p>\n<p class=\"western\"><a href=\"https:\/\/crapa.org.br\/?mdocs-file=64506\" target=\"_blank\" rel=\"noopener\"><strong><span style=\"color: #003366;\"><span style=\"font-family: Arial, sans-serif;\"><span style=\"font-size: medium;\">Edital de Chamamento P\u00fablico n\u00ba 002\/2022<\/span><\/span><\/span><\/strong><\/a><\/p>\n<p class=\"western\"><a href=\"https:\/\/crapa.org.br\/?mdocs-file=64508\" target=\"_blank\" rel=\"noopener\"><strong><span style=\"color: #003366;\"><span style=\"font-family: Arial, sans-serif;\"><span style=\"font-size: medium;\">Publica\u00e7\u00e3o no Di\u00e1rio Oficial da Uni\u00e3o em 23\/05\/2022<\/span><\/span><\/span><\/strong><\/a><\/p>\n","protected":false},"excerpt":{"rendered":"<p>O Conselho Regional de Administra\u00e7\u00e3o do Par\u00e1 comunica que est\u00e1 aberto o \u201cEdital de Chamamento P\u00fablico n\u00ba 02\/2022\u201d com o objetivo de viabilizar o credenciamento de pessoas jur\u00eddicas para capta\u00e7\u00e3o [&hellip;]<\/p>\n","protected":false},"author":31,"featured_media":64488,"comment_status":"open","ping_status":"open","sticky":false,"template":"","format":"standard","meta":{"footnotes":"","_links_to":"","_links_to_target":""},"categories":[570,309],"tags":[],"class_list":["post-64486","post","type-post","status-publish","format-standard","has-post-thumbnail","hentry","category-ano-2022","category-ultimas-noticias","entry","has-media"],"_links":{"self":[{"href":"https:\/\/crapa.org.br\/index.php?rest_route=\/wp\/v2\/posts\/64486","targetHints":{"allow":["GET"]}}],"collection":[{"href":"https:\/\/crapa.org.br\/index.php?rest_route=\/wp\/v2\/posts"}],"about":[{"href":"https:\/\/crapa.org.br\/index.php?rest_route=\/wp\/v2\/types\/post"}],"author":[{"embeddable":true,"href":"https:\/\/crapa.org.br\/index.php?rest_route=\/wp\/v2\/users\/31"}],"replies":[{"embeddable":true,"href":"https:\/\/crapa.org.br\/index.php?rest_route=%2Fwp%2Fv2%2Fcomments&post=64486"}],"version-history":[{"count":0,"href":"https:\/\/crapa.org.br\/index.php?rest_route=\/wp\/v2\/posts\/64486\/revisions"}],"wp:featuredmedia":[{"embeddable":true,"href":"https:\/\/crapa.org.br\/index.php?rest_route=\/wp\/v2\/media\/64488"}],"wp:attachment":[{"href":"https:\/\/crapa.org.br\/index.php?rest_route=%2Fwp%2Fv2%2Fmedia&parent=64486"}],"wp:term":[{"taxonomy":"category","embeddable":true,"href":"https:\/\/crapa.org.br\/index.php?rest_route=%2Fwp%2Fv2%2Fcategories&post=64486"},{"taxonomy":"post_tag","embeddable":true,"href":"https:\/\/crapa.org.br\/index.php?rest_route=%2Fwp%2Fv2%2Ftags&post=64486"}],"curies":[{"name":"wp","href":"https:\/\/api.w.org\/{rel}","templated":true}]}}