{"id":64609,"date":"2022-06-08T15:13:08","date_gmt":"2022-06-08T18:13:08","guid":{"rendered":"https:\/\/crapa.org.br\/?p=64609"},"modified":"2022-06-08T15:13:08","modified_gmt":"2022-06-08T18:13:08","slug":"administracao-na-era-tecnologica-desafia-profissionais","status":"publish","type":"post","link":"https:\/\/crapa.org.br\/?p=64609","title":{"rendered":"Administra\u00e7\u00e3o na era tecnol\u00f3gica desafia profissionais"},"content":{"rendered":"<p><span style=\"color: #000000;\">Em 2019, durante o F\u00f3rum Internacional de Administra\u00e7\u00e3o, o diretor-geral da <i>Campus Party<\/i>, Ant\u00f4nio Novaes \u2013\u00a0 conhecido como Tonico \u2013 falou um pouco sobre tecnologia e, naquela \u00e9poca, o palestrante foi categ\u00f3rico: \u201ceu acho que o futuro j\u00e1 chegou, o futuro \u00e9 hoje\u201d. Tr\u00eas anos depois, muitas transforma\u00e7\u00f5es aconteceram e outras, que estavam engatinhando, foram aceleradas com a pandemia.<\/span><\/p>\n<p><span style=\"color: #000000;\">\u201cO mundo est\u00e1 cada vez mais disruptivo\u201d \u00e9 o alerta que o presidente do Conselho Federal de Administra\u00e7\u00e3o (CFA), Adm. Mauro Kreuz, tem feito desde que assumiu a presid\u00eancia da autarquia. A cada palestra ou artigo, ele tem defendido a necessidade de se adaptar aos novos cen\u00e1rios e desafios.<\/span><\/p>\n<blockquote><p><span style=\"color: #000000;\">\u201cEstamos em meio a uma nova revolu\u00e7\u00e3o: a 4.0. Ela veio junto com muitas tecnologias e conceitos como nanotecnologia, neurotecnologia, biotecnologia, rob\u00f3tica, intelig\u00eancia artificial e armazenamento em nuvem, que passaram a fazer parte do vocabul\u00e1rio de muitos gestores. Quem ainda achava que essa transforma\u00e7\u00e3o iria demorar mais um pouco, foi pego de surpresa com a chegada repentina da pandemia da Covid-19.\u201d, disse Mauro.<\/span><\/p><\/blockquote>\n<p><span style=\"color: #000000;\">E como essas transforma\u00e7\u00f5es impactam a Ci\u00eancia da Administra\u00e7\u00e3o? Tonico explica que \u00e9 preciso se atualizar. \u201cEnt\u00e3o, numa era em que a gente j\u00e1 come\u00e7a a falar de intelig\u00eancia artificial, de automa\u00e7\u00e3o, de blockchain e de internet das coisas, como que n\u00f3s, administradores, estamos nos atualizando com rela\u00e7\u00e3o a isso?\u201d, questionou.<\/span><\/p>\n<p><span style=\"color: #000000;\">Ele complementou, ainda, recomendando a especializa\u00e7\u00e3o para os administradores a fim de que estejam prontos para essas novas tecnologias. \u201cEnfim, tem uma s\u00e9rie de oportunidades e de inova\u00e7\u00f5es disruptivas que vem chegando no mercado. A tecnologia vai ser avassaladora. Quem quiser ir contra ela, vai ser atropelado.\u201d, alertou Tonico.<\/span><\/p>\n<p><span style=\"color: #000000;\"><b>Tecnologia e Administra\u00e7\u00e3o na pr\u00e1tica<\/b><\/span><\/p>\n<p><span style=\"color: #000000;\">Para estimular os estudantes e profissionais de administra\u00e7\u00e3o a refletirem sobre o assunto e, com isso, fomentar a produ\u00e7\u00e3o cient\u00edfica, o Pr\u00eamio Belmiro Siqueira de Administra\u00e7\u00e3o 2022 ter\u00e1 como tema \u201cAdministra\u00e7\u00e3o e novas tecnologias\u201d. Esta edi\u00e7\u00e3o vai contemplar tr\u00eas categorias: Artigo Acad\u00eamico, Artigo Cient\u00edfico e Livro.<\/span><\/p>\n<blockquote><p><span style=\"color: #000000;\">\u201cO que nos motivou na escolha deste tema foi perceber como a influ\u00eancia tecnol\u00f3gica est\u00e1 presente em todos os espa\u00e7os, em todas as \u00e1reas profissionais da sociedade 5.0 principalmente com esta ideia de trazer qualidade de vida e bem estar. Al\u00e9m disso, muitos alunos e professores est\u00e3o desenvolvendo artigos nesta \u00e1rea\u201d, explicou a diretora de Forma\u00e7\u00e3o Profissional do CFA, Adm\u00aa Cl\u00e1udia Stadtlober.<\/span><\/p><\/blockquote>\n<p><span style=\"color: #000000;\">A conselheira comentou, ainda, que as expectativas para a edi\u00e7\u00e3o deste ano do Pr\u00eamio Belmiro Siqueira de Administra\u00e7\u00e3o s\u00e3o as melhores. \u201cEsperamos receber a inscri\u00e7\u00e3o de bons trabalhos \u2013 artigos e livros \u2013 que fa\u00e7am essa discuss\u00e3o sobre gest\u00e3o e as tecnologias, tanto no uso, quanto no apoio e melhoria de processos, entre outros\u201d, disse.<\/span><\/p>\n<p><span style=\"color: #000000;\">Os interessados em participar da premia\u00e7\u00e3o podem fazer a inscri\u00e7\u00e3o at\u00e9 31 de agosto de 2022. Para fazer isso \u00e9 s\u00f3 acessar o site <span style=\"color: #003366;\"><a style=\"color: #003366;\" href=\"https:\/\/belmiro.cfa.org.br\/\">belmiro.cfa.org.br<\/a><\/span>.<\/span><\/p>\n<p><span style=\"color: #000000;\"><b>Saiba mais<\/b><\/span><\/p>\n<p><span style=\"color: #000000;\">O Pr\u00eamio Belmiro Siqueira de Administra\u00e7\u00e3o 2022 ter\u00e1 tr\u00eas categorias. A modalidade \u201cLivro\u201d \u00e9 restrita para os profissionais de Administra\u00e7\u00e3o (Administrador; mestre em Administra\u00e7\u00e3o; doutor em Administra\u00e7\u00e3o; Gestor; e Tecn\u00f3logo)\u00a0 registrados e em dia com o CRA.<\/span><\/p>\n<p><span style=\"color: #000000;\">A participa\u00e7\u00e3o na modalidade \u201cArtigo Acad\u00eamico\u201d \u00e9 destinada aos estudantes dos cursos de bacharelado em Administra\u00e7\u00e3o e dos cursos superiores conexos \u00e0 Administra\u00e7\u00e3o, considerados em Resolu\u00e7\u00f5es Normativas do CFA.<\/span><\/p>\n<p><span style=\"color: #000000;\">J\u00e1 a categoria \u201cArtigo T\u00e9cnico\u201d receber\u00e1 a inscri\u00e7\u00e3o de estudantes de cursos de educa\u00e7\u00e3o profissional t\u00e9cnica de n\u00edvel m\u00e9dio conexos \u00e0 Administra\u00e7\u00e3o, considerados em Resolu\u00e7\u00e3o Normativa do CFA.<\/span><\/p>\n<p><span style=\"color: #000000;\">Os trabalhos inscritos ser\u00e3o avaliados por uma comiss\u00e3o. Quest\u00f5es de objetividade, criatividade, aplicabilidade e atualidade s\u00e3o alguns dos crit\u00e9rios que ser\u00e3o levados em conta na hora da avalia\u00e7\u00e3o.<\/span><\/p>\n<p><span style=\"color: #000000;\">Os vencedores das modalidades v\u00e3o ser premiados com certificados e tamb\u00e9m v\u00e3o contar com uma bonifica\u00e7\u00e3o em dinheiro. V\u00e3o ser contemplados os tr\u00eas primeiros colocados das categorias Artigo Acad\u00eamico e Artigo T\u00e9cnico, al\u00e9m do vencedor da modalidade Livro.\u00a0<\/span><\/p>\n<p><span style=\"color: #000000;\">Todas as informa\u00e7\u00f5es est\u00e3o no edital. Saiba mais em: <span style=\"color: #003366;\"><a style=\"color: #003366;\" href=\"https:\/\/belmiro.cfa.org.br\/\">belmiro.cfa.org.br<\/a><\/span>.<\/span><\/p>\n","protected":false},"excerpt":{"rendered":"<p>Em 2019, durante o F\u00f3rum Internacional de Administra\u00e7\u00e3o, o diretor-geral da Campus Party, Ant\u00f4nio Novaes \u2013\u00a0 conhecido como Tonico \u2013 falou um pouco sobre tecnologia e, naquela \u00e9poca, o palestrante [&hellip;]<\/p>\n","protected":false},"author":31,"featured_media":64610,"comment_status":"open","ping_status":"open","sticky":false,"template":"","format":"standard","meta":{"footnotes":"","_links_to":"","_links_to_target":""},"categories":[570,309],"tags":[],"class_list":["post-64609","post","type-post","status-publish","format-standard","has-post-thumbnail","hentry","category-ano-2022","category-ultimas-noticias","entry","has-media"],"_links":{"self":[{"href":"https:\/\/crapa.org.br\/index.php?rest_route=\/wp\/v2\/posts\/64609","targetHints":{"allow":["GET"]}}],"collection":[{"href":"https:\/\/crapa.org.br\/index.php?rest_route=\/wp\/v2\/posts"}],"about":[{"href":"https:\/\/crapa.org.br\/index.php?rest_route=\/wp\/v2\/types\/post"}],"author":[{"embeddable":true,"href":"https:\/\/crapa.org.br\/index.php?rest_route=\/wp\/v2\/users\/31"}],"replies":[{"embeddable":true,"href":"https:\/\/crapa.org.br\/index.php?rest_route=%2Fwp%2Fv2%2Fcomments&post=64609"}],"version-history":[{"count":0,"href":"https:\/\/crapa.org.br\/index.php?rest_route=\/wp\/v2\/posts\/64609\/revisions"}],"wp:featuredmedia":[{"embeddable":true,"href":"https:\/\/crapa.org.br\/index.php?rest_route=\/wp\/v2\/media\/64610"}],"wp:attachment":[{"href":"https:\/\/crapa.org.br\/index.php?rest_route=%2Fwp%2Fv2%2Fmedia&parent=64609"}],"wp:term":[{"taxonomy":"category","embeddable":true,"href":"https:\/\/crapa.org.br\/index.php?rest_route=%2Fwp%2Fv2%2Fcategories&post=64609"},{"taxonomy":"post_tag","embeddable":true,"href":"https:\/\/crapa.org.br\/index.php?rest_route=%2Fwp%2Fv2%2Ftags&post=64609"}],"curies":[{"name":"wp","href":"https:\/\/api.w.org\/{rel}","templated":true}]}}