{"id":64613,"date":"2022-06-08T15:33:31","date_gmt":"2022-06-08T18:33:31","guid":{"rendered":"https:\/\/crapa.org.br\/?p=64613"},"modified":"2022-07-04T11:03:20","modified_gmt":"2022-07-04T14:03:20","slug":"aviso-de-interesse-de-aquisicao-contratacao-dispensa-de-licitacao-artigo-75-da-lei-federal-no-14-133-2021","status":"publish","type":"post","link":"https:\/\/crapa.org.br\/?p=64613","title":{"rendered":"Aviso de interesse de Aquisi\u00e7\u00e3o\/Contrata\u00e7\u00e3o &#8211; Dispensa de Licita\u00e7\u00e3o (Artigo 75 da Lei Federal n\u00ba 14.133\/2021)"},"content":{"rendered":"<p class=\"western\" align=\"justify\"><span style=\"font-family: Arial, serif; font-size: 12pt; color: #000000;\">Conforme disposi\u00e7\u00f5es do inciso I e do par\u00e1grafo 3\u00ba, ambos do artigo 75 da Lei 14.133\/21, o Conselho Regional de Administra\u00e7\u00e3o do Par\u00e1 faz saber que est\u00e1 em andamento um processo de compra direta por dispensa de licita\u00e7\u00e3o, SEI n\u00ba 476904.001123\/2022-48, conforme segue: <\/span><\/p>\n<p class=\"western\" align=\"justify\"><span style=\"font-family: Arial, serif; font-size: 12pt; color: #000000;\">Art. 75. \u00c9 dispens\u00e1vel a licita\u00e7\u00e3o: <\/span><\/p>\n<p class=\"western\" align=\"justify\"><span style=\"font-family: Arial, serif; font-size: 12pt; color: #000000;\">I &#8211; para contrata\u00e7\u00e3o que envolva valores inferiores a R$ 100.000,00 (cem mil reais), no caso de obras e servi\u00e7os de engenharia ou de servi\u00e7os de manuten\u00e7\u00e3o de ve\u00edculos automotores; [&#8230;] <\/span><\/p>\n<p class=\"western\" align=\"justify\"><span style=\"font-family: Arial, serif; font-size: 12pt; color: #000000;\">3\u00ba As contrata\u00e7\u00f5es de que tratam os incisos I e II do caput deste artigo ser\u00e3o preferencialmente precedidas de divulga\u00e7\u00e3o de aviso em s\u00edtio eletr\u00f4nico oficial, pelo prazo m\u00ednimo de 3 (tr\u00eas) dias \u00fateis, com a especifica\u00e7\u00e3o do objeto pretendido e com a manifesta\u00e7\u00e3o de interesse da Administra\u00e7\u00e3o em obter propostas adicionais de eventuais interessados, devendo ser selecionada a proposta mais vantajosa. <\/span><\/p>\n<p class=\"western\" align=\"justify\"><span style=\"font-size: 12pt; color: #000000;\"><span style=\"font-family: Arial, serif;\">Objeto da Contrata\u00e7\u00e3o pretendido: <\/span><span style=\"font-family: Arial, serif;\">Contrata\u00e7\u00e3o de pessoa jur\u00eddica especializada em servi\u00e7os de engenharia civil para execu\u00e7\u00e3o de projeto de readequa\u00e7\u00e3o dos espa\u00e7os internos da Sala Comercial, sito \u00e0 Tv. Quintino Bocai\u00fava, n\u00ba 2301, Sala 2303, Ed. Rog\u00e9lio Fernandez Business Center, com \u00e1rea aproximada de 150 m2, onde atualmente est\u00e1 instalada a sede do CRA-PA, de acordo com o novo layout, compreendendo montagem e remontagem de mobili\u00e1rio, cabeamento el\u00e9trico e l\u00f3gico, reparo de piso, parede, pintura, divis\u00f3rias, painel ac\u00fastico, incluindo m\u00e3o-de-obra e materiais, visando a reorganiza\u00e7\u00e3o dos ambientes administrativos.<\/span><span style=\"font-family: Arial, serif;\"> Detalhamento conforme Projeto de Arquitetura e Termo de Refer\u00eancia. <\/span><\/span><\/p>\n<p class=\"western\" align=\"justify\"><span style=\"font-family: Arial, serif; font-size: 12pt; color: #000000;\">SELE\u00c7\u00c3O DE PROPOSTA MAIS VANTAJOSA: <\/span><\/p>\n<p class=\"western\" align=\"justify\"><span style=\"font-family: Arial, serif; font-size: 12pt; color: #000000;\">No per\u00edodo de 08 a 14 de junho de 2022, as propostas comerciais podem ser encaminhadas para o e-mail: cpl@crapa.org.br. <\/span><\/p>\n<p class=\"western\" align=\"justify\"><span style=\"font-family: Arial, serif; font-size: 12pt; color: #000000;\">Ap\u00f3s esse prazo, o processo estar\u00e1 encerrado para o recebimento de novos or\u00e7amentos, de maneira que a Comiss\u00e3o Permanente de Licita\u00e7\u00e3o garanta o andamento do processo de contrata\u00e7\u00e3o. <\/span><\/p>\n<p class=\"western\" align=\"justify\"><span style=\"font-family: Arial, serif; font-size: 12pt; color: #000000;\">Ressalte-se que a dispensa de licita\u00e7\u00e3o, agora prevista no art. 75 da Lei n. 14.133\/2021, notadamente quanto \u00e0 hip\u00f3tese do inciso I e II (valor reduzido) visa, em s\u00edntese, atender aos princ\u00edpios da economicidade e da efici\u00eancia administrativa, evitando que os custos econ\u00f4micos do processo de licita\u00e7\u00e3o ultrapassem os benef\u00edcios que ser\u00e3o alcan\u00e7ados com a futura contrata\u00e7\u00e3o. <\/span><\/p>\n<p class=\"western\" align=\"justify\"><span style=\"font-family: Arial, serif; font-size: 12pt; color: #000000;\">Imp\u00f5e-se a observ\u00e2ncia das normas da nova Lei de Licita\u00e7\u00f5es, inclusive, \u00e0quelas dos certames licitat\u00f3rios, na forma do art. 72 da Lei n\u00ba 14.133\/2021, devendo a empresa contratada comprovar que preenche os requisitos m\u00ednimos e necess\u00e1rios de habilita\u00e7\u00e3o e qualifica\u00e7\u00e3o t\u00e9cnica. <\/span><\/p>\n<p style=\"text-align: center;\" align=\"justify\"><span style=\"font-family: arial, helvetica, sans-serif; color: #000000; font-size: 12pt;\">Adm.\u00a0Hinton Hennington Portilho Bentes Neto<\/span><br \/>\n<span style=\"font-family: arial, helvetica, sans-serif; color: #000000; font-size: 12pt;\">Coordenador da CPL\/CRA-PA<\/span><\/p>\n<p class=\"western\" align=\"justify\"><span style=\"font-family: Arial, serif; font-size: 12pt; color: #000000;\">Acesse os Anexos:<\/span><\/p>\n<p class=\"western\" align=\"justify\"><a href=\"https:\/\/crapa.org.br\/?mdocs-file=64606\" target=\"_blank\" rel=\"noopener\"><span style=\"font-family: Arial, serif; font-size: 12pt; color: #000000;\"><span style=\"color: #000080;\">Projeto de Arquitetura do Ambiente<\/span><\/span><\/a><\/p>\n<p class=\"western\" align=\"justify\"><span style=\"color: #000080;\"><a style=\"color: #000080;\" href=\"https:\/\/crapa.org.br\/?mdocs-file=64604\" target=\"_blank\" rel=\"noopener\"><span style=\"font-family: Arial, serif; font-size: 12pt;\">Termo de Refer\u00eancia<\/span><\/a><\/span><\/p>\n","protected":false},"excerpt":{"rendered":"<p>Conforme disposi\u00e7\u00f5es do inciso I e do par\u00e1grafo 3\u00ba, ambos do artigo 75 da Lei 14.133\/21, o Conselho Regional de Administra\u00e7\u00e3o do Par\u00e1 faz saber que est\u00e1 em andamento um [&hellip;]<\/p>\n","protected":false},"author":31,"featured_media":64619,"comment_status":"open","ping_status":"open","sticky":false,"template":"","format":"standard","meta":{"footnotes":"","_links_to":"","_links_to_target":""},"categories":[1],"tags":[],"class_list":["post-64613","post","type-post","status-publish","format-standard","has-post-thumbnail","hentry","category-sem-categoria","entry","has-media"],"_links":{"self":[{"href":"https:\/\/crapa.org.br\/index.php?rest_route=\/wp\/v2\/posts\/64613","targetHints":{"allow":["GET"]}}],"collection":[{"href":"https:\/\/crapa.org.br\/index.php?rest_route=\/wp\/v2\/posts"}],"about":[{"href":"https:\/\/crapa.org.br\/index.php?rest_route=\/wp\/v2\/types\/post"}],"author":[{"embeddable":true,"href":"https:\/\/crapa.org.br\/index.php?rest_route=\/wp\/v2\/users\/31"}],"replies":[{"embeddable":true,"href":"https:\/\/crapa.org.br\/index.php?rest_route=%2Fwp%2Fv2%2Fcomments&post=64613"}],"version-history":[{"count":0,"href":"https:\/\/crapa.org.br\/index.php?rest_route=\/wp\/v2\/posts\/64613\/revisions"}],"wp:featuredmedia":[{"embeddable":true,"href":"https:\/\/crapa.org.br\/index.php?rest_route=\/wp\/v2\/media\/64619"}],"wp:attachment":[{"href":"https:\/\/crapa.org.br\/index.php?rest_route=%2Fwp%2Fv2%2Fmedia&parent=64613"}],"wp:term":[{"taxonomy":"category","embeddable":true,"href":"https:\/\/crapa.org.br\/index.php?rest_route=%2Fwp%2Fv2%2Fcategories&post=64613"},{"taxonomy":"post_tag","embeddable":true,"href":"https:\/\/crapa.org.br\/index.php?rest_route=%2Fwp%2Fv2%2Ftags&post=64613"}],"curies":[{"name":"wp","href":"https:\/\/api.w.org\/{rel}","templated":true}]}}