{"id":64625,"date":"2022-06-09T18:52:42","date_gmt":"2022-06-09T21:52:42","guid":{"rendered":"https:\/\/crapa.org.br\/?p=64625"},"modified":"2022-06-09T19:16:54","modified_gmt":"2022-06-09T22:16:54","slug":"cra-pa-participa-de-evento-que-discutiu-a-reforma-tributaria-no-brasil","status":"publish","type":"post","link":"https:\/\/crapa.org.br\/?p=64625","title":{"rendered":"CRA-PA participa de evento que discutiu a Reforma Tribut\u00e1ria no Brasil"},"content":{"rendered":"<p class=\"western\" align=\"justify\"><span style=\"font-family: Arial, sans-serif; font-size: 12pt; color: #000000;\">Representando o Presidente do CRA-PA, Adm. F\u00e1bio L\u00facio Costa, o Conselheiro Regional &#8211; Coordenador da Comiss\u00e3o de Tomada de Contas, Adm. Ivaldo Ferreira de Melo Junior, participou na tarde desta quinta-feira (09), de um evento que discutiu a Reforma Tribut\u00e1ria brasileira organizado pela Fecomercio\/PA e AC\/PA.<\/span><\/p>\n<p class=\"western\" align=\"justify\"><span style=\"font-family: Arial, sans-serif; font-size: 12pt; color: #000000;\">O evento teve com palestrante o Presidente da rec\u00e9m criada Comiss\u00e3o Especial da C\u00e2mara dos Deputados que vai discutir o novo modelo tribut\u00e1rio nacional, atrav\u00e9s da Proposta de Emenda Constitucional (PEC 07\/2020), Deputado Federal Joaquim Passarinho.<\/span><\/p>\n<p class=\"western\" align=\"justify\"><span style=\"font-family: Arial, sans-serif; font-size: 12pt; color: #000000;\">Para o Adm. Ivaldo Melo a discuss\u00e3o sobre a reforma tribut\u00e1ria tem sido tema recorrente no Brasil. H\u00e1 uma grande converg\u00eancia entre empres\u00e1rios, governos e especialistas sobre a necessidade de o Brasil reformar seu sistema tribut\u00e1rio. \u201cO ideal seria simplificar os tributos que a\u00ed est\u00e3o e reduzir as obriga\u00e7\u00f5es acess\u00f3rias. Isso diminuiria consideravelmente os custos das empresas\u201d, ressalta.<\/span><\/p>\n<p class=\"western\" align=\"justify\"><span style=\"font-family: Arial, sans-serif; font-size: 12pt; color: #000000;\">Sobre a PEC 07\/2020<\/span><\/p>\n<p class=\"western\" align=\"justify\"><span style=\"font-family: Arial, sans-serif; font-size: 12pt; color: #000000;\">A ideia do autor da PEC \u00e9 a simplifica\u00e7\u00e3o do sistema tribut\u00e1rio nacional orientada a resultados. A proposta enxuga o sistema tribut\u00e1rio em tr\u00eas categorias; garante autonomia dos entes subnacionais; aproveita compet\u00eancias de cobran\u00e7a; acaba com fundos de participa\u00e7\u00e3o estadual e municipal; extingue o efeito cascata de impostos sobre consumo e adota a cobran\u00e7a do imposto sobre o consumo no destino.<\/span><\/p>\n<p class=\"western\" align=\"justify\"><span style=\"font-size: 12pt; color: #000000;\"><span style=\"font-family: Arial, sans-serif;\">Ela apresenta a defini\u00e7\u00e3o de tratamento diferenciado e favorecido para as microempresas e para as empresas de pequeno porte, inclusive regimes especiais ou simplificados no caso dos impostos previstos nos artigos 153, 155 e 156, dentre in\u00fameras inova\u00e7\u00f5es, focando a simplifica\u00e7\u00e3o adotada nas economias da maioria dos membros da Organiza\u00e7\u00e3o para a Coopera\u00e7\u00e3o e Desenvolvimento Econ\u00f4mico (<\/span><a class=\"western\" style=\"color: #000000;\" href=\"https:\/\/www.bcb.gov.br\/acessoinformacao\/ocde\" target=\"_blank\" rel=\"noopener\"><span style=\"font-family: Arial, sans-serif;\">OCDE<\/span><\/a><span style=\"font-family: Arial, sans-serif;\">)<\/span><span style=\"font-family: Arial, sans-serif;\">.<\/span><\/span><\/p>\n","protected":false},"excerpt":{"rendered":"<p>Representando o Presidente do CRA-PA, Adm. F\u00e1bio L\u00facio Costa, o Conselheiro Regional &#8211; Coordenador da Comiss\u00e3o de Tomada de Contas, Adm. Ivaldo Ferreira de Melo Junior, participou na tarde desta [&hellip;]<\/p>\n","protected":false},"author":31,"featured_media":64630,"comment_status":"open","ping_status":"open","sticky":false,"template":"","format":"standard","meta":{"footnotes":"","_links_to":"","_links_to_target":""},"categories":[570,309],"tags":[],"class_list":["post-64625","post","type-post","status-publish","format-standard","has-post-thumbnail","hentry","category-ano-2022","category-ultimas-noticias","entry","has-media"],"_links":{"self":[{"href":"https:\/\/crapa.org.br\/index.php?rest_route=\/wp\/v2\/posts\/64625","targetHints":{"allow":["GET"]}}],"collection":[{"href":"https:\/\/crapa.org.br\/index.php?rest_route=\/wp\/v2\/posts"}],"about":[{"href":"https:\/\/crapa.org.br\/index.php?rest_route=\/wp\/v2\/types\/post"}],"author":[{"embeddable":true,"href":"https:\/\/crapa.org.br\/index.php?rest_route=\/wp\/v2\/users\/31"}],"replies":[{"embeddable":true,"href":"https:\/\/crapa.org.br\/index.php?rest_route=%2Fwp%2Fv2%2Fcomments&post=64625"}],"version-history":[{"count":0,"href":"https:\/\/crapa.org.br\/index.php?rest_route=\/wp\/v2\/posts\/64625\/revisions"}],"wp:featuredmedia":[{"embeddable":true,"href":"https:\/\/crapa.org.br\/index.php?rest_route=\/wp\/v2\/media\/64630"}],"wp:attachment":[{"href":"https:\/\/crapa.org.br\/index.php?rest_route=%2Fwp%2Fv2%2Fmedia&parent=64625"}],"wp:term":[{"taxonomy":"category","embeddable":true,"href":"https:\/\/crapa.org.br\/index.php?rest_route=%2Fwp%2Fv2%2Fcategories&post=64625"},{"taxonomy":"post_tag","embeddable":true,"href":"https:\/\/crapa.org.br\/index.php?rest_route=%2Fwp%2Fv2%2Ftags&post=64625"}],"curies":[{"name":"wp","href":"https:\/\/api.w.org\/{rel}","templated":true}]}}