{"id":64631,"date":"2022-06-14T14:35:04","date_gmt":"2022-06-14T17:35:04","guid":{"rendered":"https:\/\/crapa.org.br\/?p=64631"},"modified":"2022-06-14T15:08:31","modified_gmt":"2022-06-14T18:08:31","slug":"presidente-do-cra-pa-recebe-a-visita-da-presidente-da-acp","status":"publish","type":"post","link":"https:\/\/crapa.org.br\/?p=64631","title":{"rendered":"Presidente do CRA-PA recebe a visita da presidente da ACP"},"content":{"rendered":"<p class=\"western\" align=\"justify\"><span style=\"font-family: arial, helvetica, sans-serif; color: #000000;\"><span style=\"font-size: medium;\">Presidente do CRA-PA recebe a visita da presidente da ACP<\/span><\/span><\/p>\n<p class=\"western\" align=\"justify\"><span style=\"font-family: arial, helvetica, sans-serif; color: #000000;\"><span style=\"font-size: medium;\">O presidente do Conselho Regional de Administra\u00e7\u00e3o do Par\u00e1, Adm. F\u00e1bio L\u00facio Costa, recebeu, na tarde da \u00faltima segunda-feira (13), a visita da presidente da Associa\u00e7\u00e3o Comercial do Par\u00e1, Elizabete Grunvald. Tamb\u00e9m participaram da reuni\u00e3o, o superintendente da ACP, L\u00facio Cavalcanti e o conselheiro do CRA-PA, Adm. Ivaldo de Melo Jr.<\/span><\/span><\/p>\n<p class=\"western\" align=\"justify\"><span style=\"font-family: arial, helvetica, sans-serif; color: #000000;\"><span style=\"font-size: medium;\">Segundo o presidente da autarquia paraense, a visita, em car\u00e1ter institucional, teve como objetivo o alinhamento de parcerias, bem como uma troca de informa\u00e7\u00f5es e compartilhamento do conhecimento sobre as entidades.<\/span><\/span><\/p>\n<p class=\"western\" align=\"justify\"><span style=\"font-family: arial, helvetica, sans-serif; color: #000000; font-size: 12pt;\">A apresenta\u00e7\u00e3o do projeto da 9\u00aa edi\u00e7\u00e3o da Feira Par\u00e1 Neg\u00f3cios 2022, que ser\u00e1 promovido pela ACP no m\u00eas de dezembro, e a realiza\u00e7\u00e3o do XVII F\u00f3rum Internacional de Administra\u00e7\u00e3o pelo CRA-PA, tamb\u00e9m foram pauta do encontro.<\/span><\/p>\n<p><strong><span style=\"color: #000000; font-family: arial, helvetica, sans-serif;\">Hist\u00f3ria<\/span><\/strong><\/p>\n<p class=\"western\" align=\"justify\"><span style=\"font-family: Arial, sans-serif; font-size: 12pt; color: #000000;\">Fundada em 1819, a ACP \u00e9 a segunda associa\u00e7\u00e3o comercial mais antiga do Brasil. A entidade agrega empres\u00e1rios das \u00e1reas de servi\u00e7o, com\u00e9rcio, ind\u00fastria e setor do agroneg\u00f3cios, contribuindo ativamente para o desenvolvimento econ\u00f4mico do estado do Par\u00e1.<\/span><\/p>\n<p class=\"western\" align=\"justify\"><span style=\"font-family: arial, helvetica, sans-serif; color: #000000;\"><span style=\"font-size: medium;\">Vale lembrar, que o Adm. F\u00e1bio L\u00facio Costa, presidiu a ACP por dois mandatos consecutivos: 2014\/2016 e 2016\/2018. Outra liga\u00e7\u00e3o entre as entidades \u00e9 que o Conselho Regional de Administra\u00e7\u00e3o do Par\u00e1, foi instalado em 28 de abril de 1968, em Assembleia Geral, realizada no Sal\u00e3o Nobre da Associa\u00e7\u00e3o Comercial do Par\u00e1, local onde funcionou at\u00e9 o dia 16 de abril de 1969.<\/span><\/span><\/p>\n<p class=\"western\" align=\"justify\">\n","protected":false},"excerpt":{"rendered":"<p>Presidente do CRA-PA recebe a visita da presidente da ACP O presidente do Conselho Regional de Administra\u00e7\u00e3o do Par\u00e1, Adm. F\u00e1bio L\u00facio Costa, recebeu, na tarde da \u00faltima segunda-feira (13), [&hellip;]<\/p>\n","protected":false},"author":31,"featured_media":64644,"comment_status":"open","ping_status":"open","sticky":false,"template":"","format":"standard","meta":{"footnotes":"","_links_to":"","_links_to_target":""},"categories":[570,309],"tags":[],"class_list":["post-64631","post","type-post","status-publish","format-standard","has-post-thumbnail","hentry","category-ano-2022","category-ultimas-noticias","entry","has-media"],"_links":{"self":[{"href":"https:\/\/crapa.org.br\/index.php?rest_route=\/wp\/v2\/posts\/64631","targetHints":{"allow":["GET"]}}],"collection":[{"href":"https:\/\/crapa.org.br\/index.php?rest_route=\/wp\/v2\/posts"}],"about":[{"href":"https:\/\/crapa.org.br\/index.php?rest_route=\/wp\/v2\/types\/post"}],"author":[{"embeddable":true,"href":"https:\/\/crapa.org.br\/index.php?rest_route=\/wp\/v2\/users\/31"}],"replies":[{"embeddable":true,"href":"https:\/\/crapa.org.br\/index.php?rest_route=%2Fwp%2Fv2%2Fcomments&post=64631"}],"version-history":[{"count":0,"href":"https:\/\/crapa.org.br\/index.php?rest_route=\/wp\/v2\/posts\/64631\/revisions"}],"wp:featuredmedia":[{"embeddable":true,"href":"https:\/\/crapa.org.br\/index.php?rest_route=\/wp\/v2\/media\/64644"}],"wp:attachment":[{"href":"https:\/\/crapa.org.br\/index.php?rest_route=%2Fwp%2Fv2%2Fmedia&parent=64631"}],"wp:term":[{"taxonomy":"category","embeddable":true,"href":"https:\/\/crapa.org.br\/index.php?rest_route=%2Fwp%2Fv2%2Fcategories&post=64631"},{"taxonomy":"post_tag","embeddable":true,"href":"https:\/\/crapa.org.br\/index.php?rest_route=%2Fwp%2Fv2%2Ftags&post=64631"}],"curies":[{"name":"wp","href":"https:\/\/api.w.org\/{rel}","templated":true}]}}