{"id":64646,"date":"2022-06-14T14:36:59","date_gmt":"2022-06-14T17:36:59","guid":{"rendered":"https:\/\/crapa.org.br\/?p=64646"},"modified":"2022-07-04T12:41:25","modified_gmt":"2022-07-04T15:41:25","slug":"cfa-lanca-publicacao-digital-das-diretrizes-curriculares-comentadas","status":"publish","type":"post","link":"https:\/\/crapa.org.br\/?p=64646","title":{"rendered":"CFA lan\u00e7a publica\u00e7\u00e3o digital das Diretrizes Curriculares Comentadas"},"content":{"rendered":"<p><span style=\"color: #000000;\">O Conselho Federal de Administra\u00e7\u00e3o atingiu mais um significativo marco em prol dos profissionais de administra\u00e7\u00e3o de todo o pa\u00eds. Nesta quinta-feira (09\/06) foi lan\u00e7ada a publica\u00e7\u00e3o digital <a style=\"color: #000000;\" href=\"https:\/\/cfa.org.br\/wp-content\/uploads\/2022\/06\/Guia-DCNs-E01-Web-V2.pdf\" target=\"_blank\" rel=\"noopener\"><span style=\"color: #003366;\">\u201cDiretrizes Curriculares Comentadas\u201d<\/span>.<\/a>\u00a0<\/span><\/p>\n<p><span style=\"color: #000000;\">O material est\u00e1 dispon\u00edvel para consulta no site do CFA e tamb\u00e9m ser\u00e1 enviado para gestores de IES e coordenadores dos cursos de Administra\u00e7\u00e3o de todo o Brasil. O material traz um rico esclarecimento de diversos pontos das novas Diretrizes Curriculares.\u00a0<\/span><\/p>\n<p><span style=\"color: #000000;\">A publica\u00e7\u00e3o apresenta ao p\u00fablico pontos fundamentais de discuss\u00e3o, como o novo marco legal do curso de gradua\u00e7\u00e3o em Administra\u00e7\u00e3o, o perfil e as compet\u00eancias esperados do egresso, metodologia de ensino, <i>cases<\/i> de sucesso e intera\u00e7\u00e3o com o mercado de trabalho.<\/span><\/p>\n<p><span style=\"color: #000000;\">Para Cl\u00e1udia Stadtlober, diretora da C\u00e2mara de Forma\u00e7\u00e3o Profissional do CFA, esse ser\u00e1 um importante subs\u00eddio para os colegas de profiss\u00e3o no processo de inspirar os estudantes no desenvolvimento curricular.<\/span><\/p>\n<blockquote><p><span style=\"color: #000000;\">\u201cEle tem, principalmente, o prop\u00f3sito de auxiliar os coordenadores de cursos, o docente, o n\u00facleo docente estruturante a poder fazer a revis\u00e3o dos seus projetos pol\u00edticos pedag\u00f3gicos dos cursos de Administra\u00e7\u00e3o. Ent\u00e3o, o maior objetivo \u00e9 poder auxiliar nessa constru\u00e7\u00e3o, poder apontar alguns caminhos, desmistificar um pouco o que s\u00e3o as pr\u00e1ticas profissionais supervisionadas para as pessoas poderem pensar em outras propostas\u201d.<\/span><\/p><\/blockquote>\n<p><span style=\"color: #000000;\">Mauro Leonidas, vice-diretor da C\u00e2mara de Forma\u00e7\u00e3o Profissional do CFA, destaca que a publica\u00e7\u00e3o das \u201cDiretrizes Curriculares Comentadas\u201d \u00e9 uma grande conquista e que a implementa\u00e7\u00e3o do conte\u00fado pode revolucionar o mercado de trabalho.<\/span><\/p>\n<blockquote><p><span style=\"color: #000000;\">\u201cImportante dizer que as diretrizes curriculares s\u00e3o ferramentas estrat\u00e9gicas para o desenvolvimento das compet\u00eancias e habilidades do curso. Destacamos como relevantes a forma\u00e7\u00e3o por compet\u00eancia e a pr\u00e1tica profissional que possibilita a rela\u00e7\u00e3o com o mundo do trabalho aliando a teoria e a pr\u00e1tica, e para isso, o projeto pedag\u00f3gico deve estar em total sintonia com o mercado de trabalho\u201d.<\/span><\/p><\/blockquote>\n<p><span style=\"color: #000000;\"><b>DCNs<\/b><\/span><\/p>\n<p><span style=\"color: #000000;\">As novas Diretrizes Curriculares Nacionais (DCNs) est\u00e3o no\u00a0 Parecer CNE\/CES n\u00ba 438\/2020. O documento foi homologado pelo Minist\u00e9rio da Educa\u00e7\u00e3o e publicado no Di\u00e1rio Oficial da Uni\u00e3o no dia 13 de outubro de 2021.\u00a0<\/span><\/p>\n<p><span style=\"color: #000000;\">As institui\u00e7\u00f5es de Ensino Superior (IES) v\u00e3o ter tr\u00eas anos para se adaptar \u00e0s novas regras, a contar da publica\u00e7\u00e3o da DCN. Para promover e conscientizar a popula\u00e7\u00e3o sobre a import\u00e2ncia do tema, foram realizadas pelo CFA palestras e lives com o tema.\u00a0<\/span><\/p>\n<p><span style=\"color: #000000;\">Mauro Kreuz, presidente do Conselho Federal de Administra\u00e7\u00e3o, diz que esse novo marco vem para revolucionar o ensino da Administra\u00e7\u00e3o no pa\u00eds.\u00a0<\/span><\/p>\n<blockquote><p><span style=\"color: #000000;\">\u201cS\u00e3o diretrizes que v\u00eam ao encontro do mundo do trabalho, focadas fortemente em desenvolver s\u00f3lidas compet\u00eancias em Administra\u00e7\u00e3o e rever, de forma radical, essa l\u00f3gica pedag\u00f3gica ultrapassada que ainda ancoram os cursos de Administra\u00e7\u00e3o, pelo menos em sua grande maioria\u201d.<\/span><\/p><\/blockquote>\n<p>Rodrigo Miranda<br \/>\nAssessoria de Comunica\u00e7\u00e3o CFA<\/p>\n","protected":false},"excerpt":{"rendered":"<p>O Conselho Federal de Administra\u00e7\u00e3o atingiu mais um significativo marco em prol dos profissionais de administra\u00e7\u00e3o de todo o pa\u00eds. Nesta quinta-feira (09\/06) foi lan\u00e7ada a publica\u00e7\u00e3o digital \u201cDiretrizes Curriculares [&hellip;]<\/p>\n","protected":false},"author":31,"featured_media":64647,"comment_status":"open","ping_status":"open","sticky":false,"template":"","format":"standard","meta":{"footnotes":"","_links_to":"","_links_to_target":""},"categories":[570,309],"tags":[],"class_list":["post-64646","post","type-post","status-publish","format-standard","has-post-thumbnail","hentry","category-ano-2022","category-ultimas-noticias","entry","has-media"],"_links":{"self":[{"href":"https:\/\/crapa.org.br\/index.php?rest_route=\/wp\/v2\/posts\/64646","targetHints":{"allow":["GET"]}}],"collection":[{"href":"https:\/\/crapa.org.br\/index.php?rest_route=\/wp\/v2\/posts"}],"about":[{"href":"https:\/\/crapa.org.br\/index.php?rest_route=\/wp\/v2\/types\/post"}],"author":[{"embeddable":true,"href":"https:\/\/crapa.org.br\/index.php?rest_route=\/wp\/v2\/users\/31"}],"replies":[{"embeddable":true,"href":"https:\/\/crapa.org.br\/index.php?rest_route=%2Fwp%2Fv2%2Fcomments&post=64646"}],"version-history":[{"count":0,"href":"https:\/\/crapa.org.br\/index.php?rest_route=\/wp\/v2\/posts\/64646\/revisions"}],"wp:featuredmedia":[{"embeddable":true,"href":"https:\/\/crapa.org.br\/index.php?rest_route=\/wp\/v2\/media\/64647"}],"wp:attachment":[{"href":"https:\/\/crapa.org.br\/index.php?rest_route=%2Fwp%2Fv2%2Fmedia&parent=64646"}],"wp:term":[{"taxonomy":"category","embeddable":true,"href":"https:\/\/crapa.org.br\/index.php?rest_route=%2Fwp%2Fv2%2Fcategories&post=64646"},{"taxonomy":"post_tag","embeddable":true,"href":"https:\/\/crapa.org.br\/index.php?rest_route=%2Fwp%2Fv2%2Ftags&post=64646"}],"curies":[{"name":"wp","href":"https:\/\/api.w.org\/{rel}","templated":true}]}}