{"id":67790,"date":"2024-04-21T11:00:39","date_gmt":"2024-04-21T14:00:39","guid":{"rendered":"https:\/\/crapa.org.br\/?p=67790"},"modified":"2026-01-13T09:59:30","modified_gmt":"2026-01-13T12:59:30","slug":"aplicativo-do-sistema-cfa-cras-esta-disponivel-para-download","status":"publish","type":"post","link":"https:\/\/crapa.org.br\/?p=67790","title":{"rendered":"Aplicativo do Sistema CFA\/CRAs est\u00e1 dispon\u00edvel para download"},"content":{"rendered":"<p style=\"text-align: justify;\"><span style=\"color: #000000; font-family: arial, helvetica, sans-serif;\">J\u00e1 est\u00e1 dispon\u00edvel para download o aplicativo do Sistema CFA\/CRAs. Os interessados podem baixar a ferramenta tanto para android quanto para IOS.\u00a0<\/span><\/p>\n<p style=\"text-align: justify;\"><span style=\"color: #000000; font-family: arial, helvetica, sans-serif;\">O lan\u00e7amento oficial do aplicativo ocorreu durante o F\u00f3rum Conjunto de Presidentes, realizado em Macei\u00f3. Os usu\u00e1rios v\u00e3o poder acessar os servi\u00e7os de forma r\u00e1pida e eficiente na palma da m\u00e3o.\u00a0<\/span><\/p>\n<p style=\"text-align: justify;\"><span style=\"color: #000000; font-family: arial, helvetica, sans-serif;\">Est\u00e3o dispon\u00edveis as informa\u00e7\u00f5es de servi\u00e7os como IGM-CFA, CFA Talentos, Clube de Vantagens e ACADM. Al\u00e9m da possibilidade de acompanhar a Revista Brasileira de Administra\u00e7\u00e3o, CFAPlay, ouvidoria, site do CFA, certifica\u00e7\u00e3o profissional e tudo sobre as elei\u00e7\u00f5es.<\/span><\/p>\n<p style=\"text-align: justify;\"><span style=\"color: #000000; font-family: arial, helvetica, sans-serif;\">O diretor da C\u00e2mara de Estudos e Projetos Estrat\u00e9gicos do CFA, Adm. Jorge Cavalcante, destaca que a iniciativa \u00e9 um marco. A ferramenta vai atender a todos os profissionais da administra\u00e7\u00e3o.\u00a0<\/span><\/p>\n<blockquote><p><span style=\"color: #000000; font-family: arial, helvetica, sans-serif;\">\u201cMais uma a\u00e7\u00e3o da nossa diretoria onde a gente projetou o desenvolvimento de um aplicativo que atendesse todas as expectativas de um gestor, de um administrador registrado, bem como dos estudantes e todos que trabalham com a administra\u00e7\u00e3o\u201d.<\/span><\/p><\/blockquote>\n<p style=\"text-align: justify;\"><span style=\"color: #000000; font-family: arial, helvetica, sans-serif;\">Para a membro da C\u00e2mara de\u00a0 Estudos e Projetos Estrat\u00e9gicos do CFA, Adm. Norma Andrade, o objetivo \u00e9 integrar e aproximar os mais jovens do Sistema CFA\/CRAs.<\/span><\/p>\n<blockquote><p><span style=\"color: #000000; font-family: arial, helvetica, sans-serif;\">\u201cA concep\u00e7\u00e3o desse aplicativo \u00e9 justamente para trazer o pessoal jovem para dentro do Sistema, para eles saberem mais e saberem o que a gente faz. Eu estou muito feliz e satisfeita que o fruto est\u00e1 a\u00ed\u201d.<\/span><\/p><\/blockquote>\n<p style=\"text-align: justify;\"><span style=\"color: #000000; font-family: arial, helvetica, sans-serif;\">O colaborador do CFA e um dos respons\u00e1veis por desenvolver o aplicativo, Weuller Marcos da Silva, destaca que\u00a0 objetivo \u00e9 que o servi\u00e7o seja sempre atualizado e traga cada vez mais novidades para o profissional.<\/span><\/p>\n<blockquote>\n<p style=\"text-align: justify;\"><span style=\"color: #000000; font-family: arial, helvetica, sans-serif;\">\u201c\u00c9 s\u00f3 a primeira vers\u00e3o do aplicativo e a tend\u00eancia \u00e9 que cada vez mais a gente traga mais produtos, mais servi\u00e7os e mais funcionalidades para o aplicativo. A ideia \u00e9 facilitar a vida do profissional. \u00c9 trazer para a palma da m\u00e3o de f\u00e1cil acesso todos os produtos do Sistema CFA\/CRAs\u201d.\u00a0<\/span><\/p>\n<\/blockquote>\n<p><span style=\"font-family: arial, helvetica, sans-serif; color: #000000;\">Dispon\u00edveis para sistemas Android e IOS:<\/span><br \/>\n<span style=\"font-family: arial, helvetica, sans-serif; color: #000000;\">Android: <a href=\"https:\/\/play.google.com\/store\/apps\/dev?id=8661623174670062685\" target=\"_blank\" rel=\"noopener\">https:\/\/play.google.com\/store\/apps\/dev?id=8661623174670062685<\/a><\/span><br \/>\n<span style=\"font-family: arial, helvetica, sans-serif; color: #000000;\">iPhone: <a href=\"https:\/\/apps.apple.com\/app\/sistema-cfa-cras\/id6478119786\" target=\"_blank\" rel=\"noopener\">https:\/\/apps.apple.com\/app\/sistema-cfa-cras\/id6478119786<\/a><\/span><\/p>\n<p>Rodrigo Miranda<br \/>\nAssessoria de Comunica\u00e7\u00e3o CFA<\/p>\n<p><iframe id=\"player_1\" title=\"O Mundo da Administra\u00e7\u00e3o na Palma da Sua M\u00e3o\" src=\"https:\/\/www.youtube.com\/embed\/sUAhYaK6iYw?t=2s&amp;enablejsapi=1&amp;wmode=opaque\" width=\"560\" height=\"314\" allowfullscreen=\"allowfullscreen\" data-mce-fragment=\"1\"><\/iframe><\/p>\n","protected":false},"excerpt":{"rendered":"<p>J\u00e1 est\u00e1 dispon\u00edvel para download o aplicativo do Sistema CFA\/CRAs. Os interessados podem baixar a ferramenta tanto para android quanto para IOS.\u00a0 O lan\u00e7amento oficial do aplicativo ocorreu durante o [&hellip;]<\/p>\n","protected":false},"author":31,"featured_media":67792,"comment_status":"open","ping_status":"closed","sticky":false,"template":"","format":"standard","meta":{"footnotes":"","_links_to":"","_links_to_target":""},"categories":[310],"tags":[],"class_list":["post-67790","post","type-post","status-publish","format-standard","has-post-thumbnail","hentry","category-destaque-grande","entry","has-media"],"_links":{"self":[{"href":"https:\/\/crapa.org.br\/index.php?rest_route=\/wp\/v2\/posts\/67790","targetHints":{"allow":["GET"]}}],"collection":[{"href":"https:\/\/crapa.org.br\/index.php?rest_route=\/wp\/v2\/posts"}],"about":[{"href":"https:\/\/crapa.org.br\/index.php?rest_route=\/wp\/v2\/types\/post"}],"author":[{"embeddable":true,"href":"https:\/\/crapa.org.br\/index.php?rest_route=\/wp\/v2\/users\/31"}],"replies":[{"embeddable":true,"href":"https:\/\/crapa.org.br\/index.php?rest_route=%2Fwp%2Fv2%2Fcomments&post=67790"}],"version-history":[{"count":1,"href":"https:\/\/crapa.org.br\/index.php?rest_route=\/wp\/v2\/posts\/67790\/revisions"}],"predecessor-version":[{"id":69594,"href":"https:\/\/crapa.org.br\/index.php?rest_route=\/wp\/v2\/posts\/67790\/revisions\/69594"}],"wp:featuredmedia":[{"embeddable":true,"href":"https:\/\/crapa.org.br\/index.php?rest_route=\/wp\/v2\/media\/67792"}],"wp:attachment":[{"href":"https:\/\/crapa.org.br\/index.php?rest_route=%2Fwp%2Fv2%2Fmedia&parent=67790"}],"wp:term":[{"taxonomy":"category","embeddable":true,"href":"https:\/\/crapa.org.br\/index.php?rest_route=%2Fwp%2Fv2%2Fcategories&post=67790"},{"taxonomy":"post_tag","embeddable":true,"href":"https:\/\/crapa.org.br\/index.php?rest_route=%2Fwp%2Fv2%2Ftags&post=67790"}],"curies":[{"name":"wp","href":"https:\/\/api.w.org\/{rel}","templated":true}]}}