{"id":67795,"date":"2024-04-16T09:49:07","date_gmt":"2024-04-16T12:49:07","guid":{"rendered":"https:\/\/crapa.org.br\/?p=67795"},"modified":"2024-04-16T12:00:50","modified_gmt":"2024-04-16T15:00:50","slug":"profissional-registrado-no-cra-pa-publica-artigo-em-revista-cientifica","status":"publish","type":"post","link":"https:\/\/crapa.org.br\/?p=67795","title":{"rendered":"Profissional registrado no CRA-PA publica artigo em revista cient\u00edfica"},"content":{"rendered":"<p class=\"western\" style=\"text-align: justify;\" align=\"justify\"><span style=\"font-family: Arial, serif; color: #000000;\">O Administrador Jo\u00e3o Paulo Borges de Loureiro, registrado no Conselho Regional de Administra\u00e7\u00e3o do Par\u00e1 (CRA-PA), teve um artigo publicado na revista Caderno Pedag\u00f3gico, classifica\u00e7\u00e3o QUALIS\/CAPES A2, que contempla publica\u00e7\u00f5es de excel\u00eancia internacional, (Coordena\u00e7\u00e3o de Aperfei\u00e7oamento de Pessoal de N\u00edvel Superior do Conselho), ano de 2017-2020.<\/span><\/p>\n<p class=\"western\" style=\"text-align: justify;\" align=\"justify\"><span style=\"font-family: Arial, serif; color: #000000;\">O trabalho, intitulado \u201cM\u00e9todo para ensino de gest\u00e3o de estoque para alunos com defici\u00eancia visual\u201d, foi publicado no VOL. 20 NO. 6 (2023), da revista, e tem o objetivo de proporcionar a inclus\u00e3o e o aprendizado real dos estudantes que possuem alguma defici\u00eancia visual. Atrav\u00e9s da utiliza\u00e7\u00e3o do m\u00e9todo, busca-se impactar Universidades e Faculdades que possuem alunos com defici\u00eancia no quadro de discente, bem como, inspirar professores, alunos e t\u00e9cnicos a trabalharem juntos para a cria\u00e7\u00e3o de novos m\u00e9todos inclusivos de ensino.<\/span><\/p>\n<p class=\"western\" style=\"text-align: justify;\" align=\"justify\"><a name=\"_GoBack\"><\/a><span style=\"font-family: Arial, serif; color: #000000;\"> De acordo com Jo\u00e3o Paulo Loureiro, a experi\u00eancia exitosa foi desenvolvida no curso de Administra\u00e7\u00e3o da Universidade Federal Rural da Amaz\u00f4nia (UFRA), campus Parauapebas, onde o m\u00e9todo foi realizado com um aluno que possui cegueira total, que, seguindo os comandos de voz do professor conseguiu realizar a arruma\u00e7\u00e3o de estoque com base em dois m\u00e9todos. <\/span><\/p>\n<p class=\"western\" style=\"text-align: justify;\" align=\"justify\"><span style=\"color: #000000;\">\u201c<span style=\"font-family: Arial, serif;\">Ele realizou os m\u00e9todos giro de estoque e semelhan\u00e7a de embalagens, e com no m\u00e1ximo tr\u00eas tentativas, o aluno conseguiu reproduzir sozinho dois ambientes de estocagem, mostrando que o m\u00e9todo \u00e9 eficiente\u201d, explicou o administrador. <\/span><\/span><\/p>\n<p class=\"western\" style=\"text-align: justify;\" align=\"justify\"><span style=\"font-family: Arial, serif; color: #000000;\">O trabalho foi desenvolvido por uma equipe multidisciplinar, que contou com a psic\u00f3loga Cl\u00e1udia Nunes Camilo, com a pedagoga Vanessa Cristina Ramos Vendramin, o professor e administrador, Jo\u00e3o Loureiro, e com o aluno da UFRA, Thiago Ferreira da Silva, que foi o primeiro a ter a vida e a educa\u00e7\u00e3o impactada com a cria\u00e7\u00e3o do m\u00e9todo.<\/span><\/p>\n<p class=\"western\" style=\"text-align: justify;\" align=\"justify\"><span style=\"color: #000000;\">\u201c<span style=\"font-family: Arial, serif;\">\u00c9 muito gratificante ter um artigo publicado em uma revista cient\u00edfica. Uma mistura de dever cumprido com a certeza de que realmente estou ajudando a melhorar a vida das pessoas que possuem alguma defici\u00eancia visual\u201d, contou Jo\u00e3o Paulo Loureiro.<\/span><\/span><\/p>\n<p class=\"western\" style=\"text-align: justify;\" align=\"justify\"><span style=\"font-family: Arial, serif; color: #000000;\">Para o Presidente do CRA-PA, Adm. F\u00e1bio L\u00facio Costa, a valoriza\u00e7\u00e3o do conhecimento \u00e9 considerada como fundamental para a profiss\u00e3o assim como o compromisso com o avan\u00e7o tecnol\u00f3gico e as mudan\u00e7as que devem ser buscadas continuamente.<\/span><\/p>\n<p class=\"western\" style=\"text-align: justify;\" align=\"justify\"><span style=\"color: #000000;\">\u201c<span style=\"font-family: Arial, serif;\">Os idealizadores do M\u00e9todo para ensino de gest\u00e3o de estoque para alunos com defici\u00eancia visual, est\u00e3o de parab\u00e9ns pela iniciativa, e o Conselho Regional de Administra\u00e7\u00e3o do Par\u00e1 reconhece que a participa\u00e7\u00e3o e o comprometimento dos administradores, s\u00e3o fatores que valorizam a profiss\u00e3o, bem como, o aprendizado deve ser continuamente estimulados\u201d, disse F\u00e1bio Costa.<\/span><\/span><\/p>\n<p class=\"western\" style=\"text-align: justify;\" align=\"justify\"><span style=\"font-family: Arial, serif; color: #000000;\">O presidente do CRA-PA, destacou ainda, que umas das habilidades intr\u00ednsecas da profiss\u00e3o \u00e9 a capacidade de desenvolver pessoas e talentos, alinhando valores pessoais e profissionais. Com isso, os resultados s\u00e3o potencializados. E o profissional dentro da sala de aula, mostrar ser capaz de desenvolver o aprendizado dos alunos, ajudando-os a crescer tecnicamente e tamb\u00e9m mov\u00ea-los a autoestima, observando seus interesses e caracter\u00edsticas, visando garantir que essas pessoas tenham experi\u00eancias significativas.<\/span><\/p>\n<p class=\"western\" style=\"text-align: justify;\" align=\"justify\"><span style=\"font-family: Arial, serif; color: #000000;\">Cabe destacar, que o Adm. Jo\u00e3o Paulo Borges Loureiro recebeu o reconhecimento do Pr\u00eamio Jovem Administrador concedido pelo CRA-PA, em 2021. O pr\u00eamio reconhece as boas pr\u00e1ticas de administra\u00e7\u00e3o, valoriza, destaca e premia os profissionais registrados que tenham contribu\u00eddo para o desenvolvimento da Administra\u00e7\u00e3o e as boas pr\u00e1ticas de gest\u00e3o.<\/span><\/p>\n<p align=\"justify\"><img decoding=\"async\" class=\"alignnone wp-image-67800 size-full\" src=\"https:\/\/crapa.org.br\/wp-content\/uploads\/2024\/04\/Joao-aulo-UFRA1-1.jpg\" alt=\"\" width=\"1057\" height=\"595\" srcset=\"https:\/\/crapa.org.br\/wp-content\/uploads\/2024\/04\/Joao-aulo-UFRA1-1-300x169.jpg 300w, https:\/\/crapa.org.br\/wp-content\/uploads\/2024\/04\/Joao-aulo-UFRA1-1-768x432.jpg 768w, https:\/\/crapa.org.br\/wp-content\/uploads\/2024\/04\/Joao-aulo-UFRA1-1-800x450.jpg 800w, https:\/\/crapa.org.br\/wp-content\/uploads\/2024\/04\/Joao-aulo-UFRA1-1-1024x576.jpg 1024w, https:\/\/crapa.org.br\/wp-content\/uploads\/2024\/04\/Joao-aulo-UFRA1-1.jpg 1057w\" sizes=\"(max-width: 1057px) 100vw, 1057px\" \/><\/p>\n<p class=\"western\" style=\"text-align: justify;\"><span style=\"font-family: Arial, serif; color: #000000;\">Texto: Amanda Cardoso<\/span><\/p>\n","protected":false},"excerpt":{"rendered":"<p>O Administrador Jo\u00e3o Paulo Borges de Loureiro, registrado no Conselho Regional de Administra\u00e7\u00e3o do Par\u00e1 (CRA-PA), teve um artigo publicado na revista Caderno Pedag\u00f3gico, classifica\u00e7\u00e3o QUALIS\/CAPES A2, que contempla publica\u00e7\u00f5es [&hellip;]<\/p>\n","protected":false},"author":31,"featured_media":67798,"comment_status":"open","ping_status":"closed","sticky":false,"template":"","format":"standard","meta":{"footnotes":"","_links_to":"","_links_to_target":""},"categories":[309],"tags":[],"class_list":["post-67795","post","type-post","status-publish","format-standard","has-post-thumbnail","hentry","category-ultimas-noticias","entry","has-media"],"_links":{"self":[{"href":"https:\/\/crapa.org.br\/index.php?rest_route=\/wp\/v2\/posts\/67795","targetHints":{"allow":["GET"]}}],"collection":[{"href":"https:\/\/crapa.org.br\/index.php?rest_route=\/wp\/v2\/posts"}],"about":[{"href":"https:\/\/crapa.org.br\/index.php?rest_route=\/wp\/v2\/types\/post"}],"author":[{"embeddable":true,"href":"https:\/\/crapa.org.br\/index.php?rest_route=\/wp\/v2\/users\/31"}],"replies":[{"embeddable":true,"href":"https:\/\/crapa.org.br\/index.php?rest_route=%2Fwp%2Fv2%2Fcomments&post=67795"}],"version-history":[{"count":0,"href":"https:\/\/crapa.org.br\/index.php?rest_route=\/wp\/v2\/posts\/67795\/revisions"}],"wp:featuredmedia":[{"embeddable":true,"href":"https:\/\/crapa.org.br\/index.php?rest_route=\/wp\/v2\/media\/67798"}],"wp:attachment":[{"href":"https:\/\/crapa.org.br\/index.php?rest_route=%2Fwp%2Fv2%2Fmedia&parent=67795"}],"wp:term":[{"taxonomy":"category","embeddable":true,"href":"https:\/\/crapa.org.br\/index.php?rest_route=%2Fwp%2Fv2%2Fcategories&post=67795"},{"taxonomy":"post_tag","embeddable":true,"href":"https:\/\/crapa.org.br\/index.php?rest_route=%2Fwp%2Fv2%2Ftags&post=67795"}],"curies":[{"name":"wp","href":"https:\/\/api.w.org\/{rel}","templated":true}]}}