{"id":67804,"date":"2024-04-10T14:05:48","date_gmt":"2024-04-10T17:05:48","guid":{"rendered":"https:\/\/crapa.org.br\/?p=67804"},"modified":"2024-04-10T14:05:48","modified_gmt":"2024-04-10T17:05:48","slug":"presidente-do-cra-pa-participa-de-evento-em-defesa-da-administracao","status":"publish","type":"post","link":"https:\/\/crapa.org.br\/?p=67804","title":{"rendered":"Presidente do CRA-PA participa de evento em defesa da Administra\u00e7\u00e3o"},"content":{"rendered":"<p class=\"western\" align=\"justify\"><span style=\"font-size: 12pt; font-family: arial, helvetica, sans-serif; color: #000000;\">Aconteceu na manh\u00e3 desta quarta-feira (10\/04), o lan\u00e7amento da Frente Parlamentar pela Administra\u00e7\u00e3o. O evento ocorreu no sal\u00e3o nobre da C\u00e2mara dos Deputados, em Bras\u00edlia. O lan\u00e7amento contou com a presen\u00e7a do presidente do Conselho Regional de Administra\u00e7\u00e3o do Par\u00e1, Adm. F\u00e1bio L\u00facio Costa, que faz parte da Comiss\u00e3o Especial de A\u00e7\u00e3o Parlamentar do CFA. O diretor Administrativo e Financeiro, Adm. Hermes Feitosa, que est\u00e1 participando do Encontro dos Respons\u00e1veis pelas \u00c1reas Administrativa, Financeira e Cont\u00e1bil do Sistema CFA\/CRAs (ERAFIC), tamb\u00e9m prestigiou o evento.<\/span><\/p>\n<p class=\"western\" align=\"justify\"><span style=\"font-size: 12pt; font-family: arial, helvetica, sans-serif; color: #000000;\">Segundo o presidente do regional paraense, esse ato \u00e9 de suma import\u00e2ncia para fortalecer a representatividade e a voz dos profissionais de administra\u00e7\u00e3o no cen\u00e1rio pol\u00edtico nacional. \u201cO objetivo \u00e9 acompanhar e propor projetos de lei relacionados \u00e0 essa tem\u00e1tica no Congresso Nacional, como forma de proteger e fortalecer a atua\u00e7\u00e3o dos conselhos e dos profissionais de Administra\u00e7\u00e3o em todo o pa\u00eds\u201d, disse F\u00e1bio L\u00facio.<\/span><\/p>\n<p class=\"western\" align=\"justify\"><span style=\"font-size: 12pt; font-family: arial, helvetica, sans-serif; color: #000000;\">A Frente Parlamentar pela Administra\u00e7\u00e3o representa um marco significativo no fortalecimento e na promo\u00e7\u00e3o dos interesses da Administra\u00e7\u00e3o, no \u00e2mbito parlamentar, reunindo parlamentares comprometidos com o desenvolvimento e aprimoramento da \u00e1rea.<\/span><\/p>\n","protected":false},"excerpt":{"rendered":"<p>Aconteceu na manh\u00e3 desta quarta-feira (10\/04), o lan\u00e7amento da Frente Parlamentar pela Administra\u00e7\u00e3o. O evento ocorreu no sal\u00e3o nobre da C\u00e2mara dos Deputados, em Bras\u00edlia. O lan\u00e7amento contou com a [&hellip;]<\/p>\n","protected":false},"author":31,"featured_media":67806,"comment_status":"open","ping_status":"closed","sticky":false,"template":"","format":"standard","meta":{"footnotes":"","_links_to":"","_links_to_target":""},"categories":[309],"tags":[],"class_list":["post-67804","post","type-post","status-publish","format-standard","has-post-thumbnail","hentry","category-ultimas-noticias","entry","has-media"],"_links":{"self":[{"href":"https:\/\/crapa.org.br\/index.php?rest_route=\/wp\/v2\/posts\/67804","targetHints":{"allow":["GET"]}}],"collection":[{"href":"https:\/\/crapa.org.br\/index.php?rest_route=\/wp\/v2\/posts"}],"about":[{"href":"https:\/\/crapa.org.br\/index.php?rest_route=\/wp\/v2\/types\/post"}],"author":[{"embeddable":true,"href":"https:\/\/crapa.org.br\/index.php?rest_route=\/wp\/v2\/users\/31"}],"replies":[{"embeddable":true,"href":"https:\/\/crapa.org.br\/index.php?rest_route=%2Fwp%2Fv2%2Fcomments&post=67804"}],"version-history":[{"count":0,"href":"https:\/\/crapa.org.br\/index.php?rest_route=\/wp\/v2\/posts\/67804\/revisions"}],"wp:featuredmedia":[{"embeddable":true,"href":"https:\/\/crapa.org.br\/index.php?rest_route=\/wp\/v2\/media\/67806"}],"wp:attachment":[{"href":"https:\/\/crapa.org.br\/index.php?rest_route=%2Fwp%2Fv2%2Fmedia&parent=67804"}],"wp:term":[{"taxonomy":"category","embeddable":true,"href":"https:\/\/crapa.org.br\/index.php?rest_route=%2Fwp%2Fv2%2Fcategories&post=67804"},{"taxonomy":"post_tag","embeddable":true,"href":"https:\/\/crapa.org.br\/index.php?rest_route=%2Fwp%2Fv2%2Ftags&post=67804"}],"curies":[{"name":"wp","href":"https:\/\/api.w.org\/{rel}","templated":true}]}}