{"id":67816,"date":"2024-04-17T12:22:11","date_gmt":"2024-04-17T15:22:11","guid":{"rendered":"https:\/\/crapa.org.br\/?p=67816"},"modified":"2024-04-17T12:41:28","modified_gmt":"2024-04-17T15:41:28","slug":"cra-pa-realiza-evento-pela-conscientizacao-sobre-o-autismo","status":"publish","type":"post","link":"https:\/\/crapa.org.br\/?p=67816","title":{"rendered":"CRA-PA realiza evento pela conscientiza\u00e7\u00e3o sobre o autismo"},"content":{"rendered":"<p class=\"western\" align=\"justify\"><span style=\"font-family: Arial, sans-serif; font-size: 12pt; color: #000000;\">Na manh\u00e3 da \u00faltima ter\u00e7a-feira (16\/04), o Conselho Regional de Administra\u00e7\u00e3o do Par\u00e1 realizou, no audit\u00f3rio da Sespa, um evento alusivo a Conscientiza\u00e7\u00e3o sobre o Autismo. Com uma programa\u00e7\u00e3o que visou \u00e0 conscientiza\u00e7\u00e3o, sensibiliza\u00e7\u00e3o e mobiliza\u00e7\u00e3o, o evento reuniu especialistas altamente envolvidos na causa da inclus\u00e3o e profissionais de Administra\u00e7\u00e3o.<\/span><\/p>\n<p class=\"western\" align=\"justify\"><span style=\"font-size: 12pt; color: #000000;\"><span style=\"font-family: Arial, sans-serif;\">Na abertura, a Adm\u00aa Delma Lopes de Oliveira, vice-presidente e coordenadora do ADM Mulher Par\u00e1, falou representando o presidente do Conselho, Adm. F\u00e1bio L\u00facio Costa, na ocasi\u00e3o, agradeceu a presen\u00e7a de cada um que cedeu um pouco do seu tempo para prestigiar a programa\u00e7\u00e3o. \u201cTenho certeza que iremos sair daqui renovados e engajados para juntos fazer a diferen\u00e7a na vida de muitas pessoas\u201d, ressaltou.<\/span><\/span><\/p>\n<p class=\"western\" align=\"justify\"><span style=\"font-family: Arial, sans-serif; font-size: 12pt; color: #000000;\">A diretora de Rela\u00e7\u00f5es Institucionais do CRA-PA, Adm\u00aa Danielle Corr\u00eaa, falou sobre a import\u00e2ncia de debater temas importantes na luta pela conscientiza\u00e7\u00e3o do autismo. \u201cTemos que colocar em pauta as pol\u00edticas p\u00fablicas de inclus\u00e3o, pois precisamos inserir na sociedade as pessoas que necessitam de mais acesso e garantias\u201d, disse a diretora. <\/span><\/p>\n<p class=\"western\" align=\"justify\"><span style=\"font-size: 12pt; color: #000000;\"><span style=\"font-family: Arial, sans-serif;\">Em seguida, a presidente da APAE-PA, Iza Feio de Paiva, explicou o envolvimento e a hist\u00f3ria da APAE em geral, especialmente com rela\u00e7\u00e3o aos transtornos do espectro autista.<\/span><\/span><\/p>\n<p class=\"western\" align=\"justify\"><span style=\"font-family: Arial, sans-serif; font-size: 12pt; color: #000000;\">J\u00e1 a diretora da Faculdade Inspirar Bel\u00e9m, Carin Wendra, destacou a import\u00e2ncia do evento para a institui\u00e7\u00e3o e para a sociedade, agradecendo ao convite do Conselho.<\/span><\/p>\n<p class=\"western\" align=\"justify\"><span style=\"font-size: 12pt; color: #000000;\"><span style=\"font-family: Arial, sans-serif;\">A coordenadora <\/span><span style=\"font-family: Arial, sans-serif;\">Estadual de Pol\u00edticas para o Autismo<\/span><span style=\"font-family: Arial, sans-serif;\">, Nayara Barbalho, ressaltou a import\u00e2ncia desses eventos para a dissemina\u00e7\u00e3o das pol\u00edticas p\u00fablicas para o autismo no estado. Nayara apresentou as a\u00e7\u00f5es que est\u00e3o sendo realizadas para ajudar os portadores do espectro autista no Par\u00e1, enfatizando a import\u00e2ncia da presen\u00e7a de todos para entender e disseminar essas informa\u00e7\u00f5es.<\/span><\/span><\/p>\n<p class=\"western\" align=\"justify\"><span style=\"font-family: Arial, sans-serif; font-size: 12pt; color: #000000;\">Nayara finalizou afirmando que a inclus\u00e3o \u00e9 dever de todos. \u201cPrecisamos ocupar todos os espa\u00e7os e falar de autismo e de todas as defici\u00eancias em todos os lugares. As pessoas precisam perguntar o que podem fazer para deixar o ambiente o mais inclusivo poss\u00edvel, j\u00e1 que a obriga\u00e7\u00e3o de inclus\u00e3o de pessoas com defici\u00eancias n\u00e3o \u00e9 apenas do governo, mas de todos n\u00f3s. Todos n\u00f3s temos um papel fundamental para trazermos voz \u00e0 inclus\u00e3o\u201d. <\/span><\/p>\n<p class=\"western\" align=\"justify\"><span style=\"font-size: 12pt; color: #000000;\"><span style=\"font-family: Arial, sans-serif;\">Por fim, foi realizada uma Roda de Conversa com o tema \u201c<\/span><span style=\"font-family: Arial, sans-serif;\">Desafios da Inclus\u00e3o de pessoas com transtorno do espectro autista no mercado de trabalho\u201d. O debate foi<\/span><span style=\"font-family: Arial, sans-serif;\"> mediado pela Adm\u00aa. Danielle Corr\u00eaa, e contou com a participa\u00e7\u00e3o do Adm. Cl\u00e1udio Bittencourt Jr, diretor do CRA-PA; da especialista em Educa\u00e7\u00e3o Inclusiva, Alb\u00e9ria Villa\u00e7a <\/span><span style=\"font-family: Arial, sans-serif;\">e da coordenadora da Faculdade Inspirar, a neuropsicopedagoga Thaianny Silva.<\/span><span style=\"font-family: Arial, sans-serif;\"> Os debatedores discutiram os desafios da inclus\u00e3o de pessoas com transtorno do espectro autista no mercado de trabalho. Foram abordados temas como o preconceito enfrentado por essas pessoas e como mudar essa vis\u00e3o.<\/span><\/span><\/p>\n<p class=\"western\" align=\"justify\"><span style=\"font-family: Arial, sans-serif; font-size: 12pt; color: #000000;\">Cl\u00e1udio Bittencourt que \u00e9 pai at\u00edpico, falou sobre seu primeiro contato com o autismo, quando seu filho foi diagnosticado dentro do espectro. Ele tamb\u00e9m ressaltou a import\u00e2ncia de fazer parte de um grupo de apoio. \u201cIndiv\u00edduos com autismo enfrentam barreiras para atuar no mercado de trabalho brasileiro em fun\u00e7\u00e3o de restri\u00e7\u00f5es inerentes ao autismo, como limita\u00e7\u00f5es na comunica\u00e7\u00e3o, e devido a quest\u00f5es estruturais\u201d, ponderou. <\/span><\/p>\n<p class=\"western\" align=\"justify\"><span style=\"font-family: Arial, sans-serif; font-size: 12pt; color: #000000;\">A neuropsicopedagoga Thaianny Silva abordou sobre a import\u00e2ncia de capacita\u00e7\u00e3o de profissionais para atender pessoas no espectro autista, para que possam desenvolver suas habilidades e permitir sua inclus\u00e3o no mercado de trabalho<\/span><\/p>\n<p class=\"western\" align=\"justify\"><span style=\"font-family: Arial, sans-serif; font-size: 12pt; color: #000000;\">Ao final, houve espa\u00e7o para perguntas do p\u00fablico presente. O evento teve o apoio da Faculdade Inspirar, da Coordena\u00e7\u00e3o Estadual de Pol\u00edticas do Autismo (CEPA), da Apae\/Par\u00e1 e da Comiss\u00e3o Especial ADM Mulher Par\u00e1.<\/span><\/p>\n<p align=\"justify\"><img decoding=\"async\" class=\"alignnone size-full wp-image-67826\" src=\"https:\/\/crapa.org.br\/wp-content\/uploads\/2024\/04\/Mesa-site-2.jpg\" alt=\"\" width=\"1016\" height=\"647\" srcset=\"https:\/\/crapa.org.br\/wp-content\/uploads\/2024\/04\/Mesa-site-2-300x191.jpg 300w, https:\/\/crapa.org.br\/wp-content\/uploads\/2024\/04\/Mesa-site-2-768x489.jpg 768w, https:\/\/crapa.org.br\/wp-content\/uploads\/2024\/04\/Mesa-site-2.jpg 1016w\" sizes=\"(max-width: 1016px) 100vw, 1016px\" \/><\/p>\n<p align=\"justify\"><img decoding=\"async\" class=\"alignnone size-full wp-image-67821\" src=\"https:\/\/crapa.org.br\/wp-content\/uploads\/2024\/04\/Foto4.1.jpg\" alt=\"\" width=\"1200\" height=\"1140\" srcset=\"https:\/\/crapa.org.br\/wp-content\/uploads\/2024\/04\/Foto4.1-300x285.jpg 300w, https:\/\/crapa.org.br\/wp-content\/uploads\/2024\/04\/Foto4.1-768x730.jpg 768w, https:\/\/crapa.org.br\/wp-content\/uploads\/2024\/04\/Foto4.1-1024x973.jpg 1024w, https:\/\/crapa.org.br\/wp-content\/uploads\/2024\/04\/Foto4.1.jpg 1200w\" sizes=\"(max-width: 1200px) 100vw, 1200px\" \/><\/p>\n<p align=\"justify\"><img decoding=\"async\" class=\"alignnone size-full wp-image-67832\" src=\"https:\/\/crapa.org.br\/wp-content\/uploads\/2024\/04\/Nayara-1.jpg\" alt=\"\" width=\"1120\" height=\"1303\" srcset=\"https:\/\/crapa.org.br\/wp-content\/uploads\/2024\/04\/Nayara-1-258x300.jpg 258w, https:\/\/crapa.org.br\/wp-content\/uploads\/2024\/04\/Nayara-1-768x893.jpg 768w, https:\/\/crapa.org.br\/wp-content\/uploads\/2024\/04\/Nayara-1-880x1024.jpg 880w, https:\/\/crapa.org.br\/wp-content\/uploads\/2024\/04\/Nayara-1.jpg 1120w\" sizes=\"(max-width: 1120px) 100vw, 1120px\" \/><\/p>\n<p align=\"justify\"><img decoding=\"async\" class=\"alignnone size-full wp-image-67823\" src=\"https:\/\/crapa.org.br\/wp-content\/uploads\/2024\/04\/foto5.1-1.jpg\" alt=\"\" width=\"1200\" height=\"1291\" srcset=\"https:\/\/crapa.org.br\/wp-content\/uploads\/2024\/04\/foto5.1-1-279x300.jpg 279w, https:\/\/crapa.org.br\/wp-content\/uploads\/2024\/04\/foto5.1-1-768x826.jpg 768w, https:\/\/crapa.org.br\/wp-content\/uploads\/2024\/04\/foto5.1-1-952x1024.jpg 952w, https:\/\/crapa.org.br\/wp-content\/uploads\/2024\/04\/foto5.1-1.jpg 1200w\" sizes=\"(max-width: 1200px) 100vw, 1200px\" \/><\/p>\n","protected":false},"excerpt":{"rendered":"<p>Na manh\u00e3 da \u00faltima ter\u00e7a-feira (16\/04), o Conselho Regional de Administra\u00e7\u00e3o do Par\u00e1 realizou, no audit\u00f3rio da Sespa, um evento alusivo a Conscientiza\u00e7\u00e3o sobre o Autismo. Com uma programa\u00e7\u00e3o que [&hellip;]<\/p>\n","protected":false},"author":31,"featured_media":67817,"comment_status":"open","ping_status":"closed","sticky":false,"template":"","format":"standard","meta":{"footnotes":"","_links_to":"","_links_to_target":""},"categories":[309],"tags":[],"class_list":["post-67816","post","type-post","status-publish","format-standard","has-post-thumbnail","hentry","category-ultimas-noticias","entry","has-media"],"_links":{"self":[{"href":"https:\/\/crapa.org.br\/index.php?rest_route=\/wp\/v2\/posts\/67816","targetHints":{"allow":["GET"]}}],"collection":[{"href":"https:\/\/crapa.org.br\/index.php?rest_route=\/wp\/v2\/posts"}],"about":[{"href":"https:\/\/crapa.org.br\/index.php?rest_route=\/wp\/v2\/types\/post"}],"author":[{"embeddable":true,"href":"https:\/\/crapa.org.br\/index.php?rest_route=\/wp\/v2\/users\/31"}],"replies":[{"embeddable":true,"href":"https:\/\/crapa.org.br\/index.php?rest_route=%2Fwp%2Fv2%2Fcomments&post=67816"}],"version-history":[{"count":0,"href":"https:\/\/crapa.org.br\/index.php?rest_route=\/wp\/v2\/posts\/67816\/revisions"}],"wp:featuredmedia":[{"embeddable":true,"href":"https:\/\/crapa.org.br\/index.php?rest_route=\/wp\/v2\/media\/67817"}],"wp:attachment":[{"href":"https:\/\/crapa.org.br\/index.php?rest_route=%2Fwp%2Fv2%2Fmedia&parent=67816"}],"wp:term":[{"taxonomy":"category","embeddable":true,"href":"https:\/\/crapa.org.br\/index.php?rest_route=%2Fwp%2Fv2%2Fcategories&post=67816"},{"taxonomy":"post_tag","embeddable":true,"href":"https:\/\/crapa.org.br\/index.php?rest_route=%2Fwp%2Fv2%2Ftags&post=67816"}],"curies":[{"name":"wp","href":"https:\/\/api.w.org\/{rel}","templated":true}]}}