{"id":67834,"date":"2024-04-19T10:10:58","date_gmt":"2024-04-19T13:10:58","guid":{"rendered":"https:\/\/crapa.org.br\/?p=67834"},"modified":"2024-04-19T10:10:58","modified_gmt":"2024-04-19T13:10:58","slug":"cfa-aprova-novo-manual-de-responsabilidade-tecnica-do-profissional-de-administracao","status":"publish","type":"post","link":"https:\/\/crapa.org.br\/?p=67834","title":{"rendered":"CFA aprova novo Manual de Responsabilidade T\u00e9cnica do Profissional de Administra\u00e7\u00e3o"},"content":{"rendered":"<p><span style=\"font-family: arial, helvetica, sans-serif; color: #000000;\">J\u00e1 est\u00e1 em vigor a Resolu\u00e7\u00e3o Normativa CFA n\u00ba 643, que aprova o Manual de Responsabilidade T\u00e9cnica do Profissional de Administra\u00e7\u00e3o. O documento, publicado pelo Conselho Federal de Administra\u00e7\u00e3o (CFA) no dia 13 de mar\u00e7o, define as regras e condi\u00e7\u00f5es para os profissionais de Administra\u00e7\u00e3o que desejam atuar como respons\u00e1vel t\u00e9cnico.<\/span><\/p>\n<p><span style=\"font-family: arial, helvetica, sans-serif; color: #000000;\">Respons\u00e1vel T\u00e9cnico \u00e9 o profissional de Administra\u00e7\u00e3o, egresso de curso superior, que exerce atividades nos campos abrangidos pela Lei n\u00ba 4.769\/1965, junto a uma pessoa jur\u00eddica que explore atividades nos campos da Administra\u00e7\u00e3o, mediante contrato de presta\u00e7\u00e3o de servi\u00e7os, v\u00ednculo de emprego, s\u00f3cio, propriet\u00e1rio, ou ainda, como procurador.<\/span><\/p>\n<p><span style=\"font-family: arial, helvetica, sans-serif; color: #000000;\">Nesses casos, o profissional de Administra\u00e7\u00e3o responde t\u00e9cnica, \u00e9tica e administrativamente, juntamente com a pessoa jur\u00eddica, pelos servi\u00e7os prestados e anunciados, objetivando a garantia e zelo da gest\u00e3o profissional.<\/span><\/p>\n<p><span style=\"font-family: arial, helvetica, sans-serif; color: #000000;\">Toda empresa registrada no CRA deve possuir um Respons\u00e1vel T\u00e9cnico. O instituto da Responsabilidade T\u00e9cnica foi criado para garantir a melhor atua\u00e7\u00e3o profissional, fazendo com que a empresa cumpra seu objetivo social. Ele existe em quase todas as profiss\u00f5es.\u00a0<\/span><\/p>\n<p><span style=\"font-family: arial, helvetica, sans-serif; color: #000000;\">Mesmo se a empresa n\u00e3o tiver funcion\u00e1rios, ela precisa ter um Respons\u00e1vel T\u00e9cnico, uma vez que isso se d\u00e1 pela atividade em que atua e n\u00e3o pela quantidade de empregados. Por\u00e9m, para ocupar essa fun\u00e7\u00e3o, n\u00e3o \u00e9 necess\u00e1rio haver contrata\u00e7\u00e3o, podendo ser ocupada por um dos s\u00f3cios, funcion\u00e1rios ou prestadores de servi\u00e7os.<\/span><\/p>\n<p><span style=\"font-family: arial, helvetica, sans-serif; color: #000000;\"><a style=\"color: #000000;\" href=\"https:\/\/documentos.cfa.org.br\/?c=documento&amp;a=show&amp;id=930\"><span style=\"color: #003366;\">Clique aqui<\/span><\/a> e confira a Resolu\u00e7\u00e3o Normativa CFA n\u00ba 643.<\/span><\/p>\n<p><span style=\"font-family: arial, helvetica, sans-serif;\"><br \/>\nAna Graciele Gon\u00e7alves<\/span><br \/>\n<span style=\"font-family: arial, helvetica, sans-serif;\">Assessoria de Comunica\u00e7\u00e3o CFA<\/span><\/p>\n","protected":false},"excerpt":{"rendered":"<p>J\u00e1 est\u00e1 em vigor a Resolu\u00e7\u00e3o Normativa CFA n\u00ba 643, que aprova o Manual de Responsabilidade T\u00e9cnica do Profissional de Administra\u00e7\u00e3o. O documento, publicado pelo Conselho Federal de Administra\u00e7\u00e3o (CFA) [&hellip;]<\/p>\n","protected":false},"author":31,"featured_media":67835,"comment_status":"open","ping_status":"closed","sticky":false,"template":"","format":"standard","meta":{"footnotes":"","_links_to":"","_links_to_target":""},"categories":[309],"tags":[],"class_list":["post-67834","post","type-post","status-publish","format-standard","has-post-thumbnail","hentry","category-ultimas-noticias","entry","has-media"],"_links":{"self":[{"href":"https:\/\/crapa.org.br\/index.php?rest_route=\/wp\/v2\/posts\/67834","targetHints":{"allow":["GET"]}}],"collection":[{"href":"https:\/\/crapa.org.br\/index.php?rest_route=\/wp\/v2\/posts"}],"about":[{"href":"https:\/\/crapa.org.br\/index.php?rest_route=\/wp\/v2\/types\/post"}],"author":[{"embeddable":true,"href":"https:\/\/crapa.org.br\/index.php?rest_route=\/wp\/v2\/users\/31"}],"replies":[{"embeddable":true,"href":"https:\/\/crapa.org.br\/index.php?rest_route=%2Fwp%2Fv2%2Fcomments&post=67834"}],"version-history":[{"count":0,"href":"https:\/\/crapa.org.br\/index.php?rest_route=\/wp\/v2\/posts\/67834\/revisions"}],"wp:featuredmedia":[{"embeddable":true,"href":"https:\/\/crapa.org.br\/index.php?rest_route=\/wp\/v2\/media\/67835"}],"wp:attachment":[{"href":"https:\/\/crapa.org.br\/index.php?rest_route=%2Fwp%2Fv2%2Fmedia&parent=67834"}],"wp:term":[{"taxonomy":"category","embeddable":true,"href":"https:\/\/crapa.org.br\/index.php?rest_route=%2Fwp%2Fv2%2Fcategories&post=67834"},{"taxonomy":"post_tag","embeddable":true,"href":"https:\/\/crapa.org.br\/index.php?rest_route=%2Fwp%2Fv2%2Ftags&post=67834"}],"curies":[{"name":"wp","href":"https:\/\/api.w.org\/{rel}","templated":true}]}}