{"id":67841,"date":"2024-04-19T17:55:59","date_gmt":"2024-04-19T20:55:59","guid":{"rendered":"https:\/\/crapa.org.br\/?p=67841"},"modified":"2024-04-22T09:32:36","modified_gmt":"2024-04-22T12:32:36","slug":"cra-pa-e-sebrae-pa-alinham-acoes-para-a-cop-30","status":"publish","type":"post","link":"https:\/\/crapa.org.br\/?p=67841","title":{"rendered":"CRA-PA e SEBRAE-PA alinham a\u00e7\u00f5es para a COP 30"},"content":{"rendered":"<p style=\"text-align: justify;\"><span style=\"font-family: arial, helvetica, sans-serif; color: #000000;\">Com o principal objetivo de cria\u00e7\u00e3o de um projeto voltado para o fortalecimento dos pequenos neg\u00f3cios local, o presidente do CRA-PA, Adm. F\u00e1bio L\u00facio Costa, se reuniu, na \u00faltima quinta-feira (18\/04), com o superintendente do SEBRAE-PA, Adm. Rubens Magno Jr.<\/span><\/p>\n<p style=\"text-align: justify;\"><span style=\"font-family: arial, helvetica, sans-serif; color: #000000;\">A implementa\u00e7\u00e3o do projeto consiste na presta\u00e7\u00e3o de orienta\u00e7\u00e3o e acompanhamento aos empreendedores locais na regi\u00e3o das ilhas, com foco em a\u00e7\u00f5es voltadas para a COP 30, envolvendo os acad\u00eamicos de Administra\u00e7\u00e3o, que ter\u00e3o a oportunidade de experimentar na pr\u00e1tica o que aprendem na teoria. As \u00e1reas v\u00e3o desde gest\u00e3o e planejamento financeiro at\u00e9 marketing &#8211; a depender da necessidade de cada neg\u00f3cio.<\/span><\/p>\n<p style=\"text-align: justify;\"><span style=\"font-family: arial, helvetica, sans-serif; color: #000000;\">A iniciativa ser\u00e1 voltada para o desenvolvimento de conte\u00fados, solu\u00e7\u00f5es e experi\u00eancias que visam uma melhor gest\u00e3o dos neg\u00f3cios e fortalecer pontos essenciais para incrementar a cadeia produtiva, o com\u00e9rcio e o turismo, aumentar a efici\u00eancia, reduzir custos e proporcionar uma maior competitividade no mercado, inclusive perspectivas com vis\u00e3o ESG.<\/span><\/p>\n<p style=\"text-align: justify;\"><span style=\"font-family: arial, helvetica, sans-serif; color: #000000;\">A proposta do Projeto est\u00e1 em constru\u00e7\u00e3o para envolvimento dos alunos, futuros profissionais de Administra\u00e7\u00e3o e das coordena\u00e7\u00f5es dos cursos de Administra\u00e7\u00e3o, atrav\u00e9s das poss\u00edveis parcerias com as Institui\u00e7\u00f5es de Ensino Superior. O edital com os crit\u00e9rios para participa\u00e7\u00e3o deve ser divulgado em breve.<\/span><\/p>\n<p style=\"text-align: justify;\"><span style=\"font-family: arial, helvetica, sans-serif; color: #000000;\">Participaram tamb\u00e9m do encontro, o superintendente da OCB\/PA e conselheiro do CRA-PA, Adm. J\u00fanior Serra; o conselheiro regional, Adm. Luiz Alves dos Santos &#8211; ambos \u00e0 frente do projeto pelo CRA-PA, a colaboradora, Adm. Elizangela Santos e o Analista T\u00e9cnico do Sebrae\/PA, Renato Coelho.<\/span><\/p>\n<p><img decoding=\"async\" class=\"alignnone size-full wp-image-67844\" src=\"https:\/\/crapa.org.br\/wp-content\/uploads\/2024\/04\/Projeto-Cop3-1.jpg\" alt=\"\" width=\"1405\" height=\"1035\" srcset=\"https:\/\/crapa.org.br\/wp-content\/uploads\/2024\/04\/Projeto-Cop3-1-300x221.jpg 300w, https:\/\/crapa.org.br\/wp-content\/uploads\/2024\/04\/Projeto-Cop3-1-768x566.jpg 768w, https:\/\/crapa.org.br\/wp-content\/uploads\/2024\/04\/Projeto-Cop3-1-1024x754.jpg 1024w, https:\/\/crapa.org.br\/wp-content\/uploads\/2024\/04\/Projeto-Cop3-1.jpg 1405w\" sizes=\"(max-width: 1405px) 100vw, 1405px\" \/><\/p>\n","protected":false},"excerpt":{"rendered":"<p>Com o principal objetivo de cria\u00e7\u00e3o de um projeto voltado para o fortalecimento dos pequenos neg\u00f3cios local, o presidente do CRA-PA, Adm. F\u00e1bio L\u00facio Costa, se reuniu, na \u00faltima quinta-feira [&hellip;]<\/p>\n","protected":false},"author":31,"featured_media":67842,"comment_status":"open","ping_status":"closed","sticky":false,"template":"","format":"standard","meta":{"footnotes":"","_links_to":"","_links_to_target":""},"categories":[309],"tags":[],"class_list":["post-67841","post","type-post","status-publish","format-standard","has-post-thumbnail","hentry","category-ultimas-noticias","entry","has-media"],"_links":{"self":[{"href":"https:\/\/crapa.org.br\/index.php?rest_route=\/wp\/v2\/posts\/67841","targetHints":{"allow":["GET"]}}],"collection":[{"href":"https:\/\/crapa.org.br\/index.php?rest_route=\/wp\/v2\/posts"}],"about":[{"href":"https:\/\/crapa.org.br\/index.php?rest_route=\/wp\/v2\/types\/post"}],"author":[{"embeddable":true,"href":"https:\/\/crapa.org.br\/index.php?rest_route=\/wp\/v2\/users\/31"}],"replies":[{"embeddable":true,"href":"https:\/\/crapa.org.br\/index.php?rest_route=%2Fwp%2Fv2%2Fcomments&post=67841"}],"version-history":[{"count":0,"href":"https:\/\/crapa.org.br\/index.php?rest_route=\/wp\/v2\/posts\/67841\/revisions"}],"wp:featuredmedia":[{"embeddable":true,"href":"https:\/\/crapa.org.br\/index.php?rest_route=\/wp\/v2\/media\/67842"}],"wp:attachment":[{"href":"https:\/\/crapa.org.br\/index.php?rest_route=%2Fwp%2Fv2%2Fmedia&parent=67841"}],"wp:term":[{"taxonomy":"category","embeddable":true,"href":"https:\/\/crapa.org.br\/index.php?rest_route=%2Fwp%2Fv2%2Fcategories&post=67841"},{"taxonomy":"post_tag","embeddable":true,"href":"https:\/\/crapa.org.br\/index.php?rest_route=%2Fwp%2Fv2%2Ftags&post=67841"}],"curies":[{"name":"wp","href":"https:\/\/api.w.org\/{rel}","templated":true}]}}