{"id":68074,"date":"2024-06-27T09:51:54","date_gmt":"2024-06-27T12:51:54","guid":{"rendered":"https:\/\/crapa.org.br\/?p=68074"},"modified":"2024-06-27T09:51:54","modified_gmt":"2024-06-27T12:51:54","slug":"cerimonia-de-outorga-de-grau-do-campus-de-tome-acu-da-ufra-contou-com-a-presenca-do-cra-pa","status":"publish","type":"post","link":"https:\/\/crapa.org.br\/?p=68074","title":{"rendered":"Cerim\u00f4nia de Outorga de Grau do Campus de Tom\u00e9-A\u00e7u da UFRA contou com a presen\u00e7a do CRA-PA"},"content":{"rendered":"<p class=\"western\" style=\"text-align: justify;\"><span style=\"font-size: 12pt; font-family: arial, helvetica, sans-serif; color: #000000;\">No dia 20 de junho de 2024, o Conselho Regional de Administra\u00e7\u00e3o do Par\u00e1 participou da sess\u00e3o solene de outorga de grau dos formandos do curso de Administra\u00e7\u00e3o do Campus de Tom\u00e9-A\u00e7u da Universidade Federal Rural da Amaz\u00f4nia (UFRA), realizada na Associa\u00e7\u00e3o Cultural e Fomento Agr\u00edcola de Tom\u00e9-A\u00e7u (ACTA). O conselheiro Adm. Cl\u00e1udio Bittencourt Jr, diretor de Fiscaliza\u00e7\u00e3o e Registro, compareceu ao evento representando o presidente da autarquia, Adm. F\u00e1bio L\u00facio Costa. <\/span><\/p>\n<p class=\"western\" style=\"text-align: justify;\"><span style=\"color: #000000; font-size: 12pt; font-family: arial, helvetica, sans-serif;\">A cerim\u00f4nia foi um momento de celebra\u00e7\u00e3o e reconhecimento do esfor\u00e7o e dedica\u00e7\u00e3o de cada formando ao longo de sua jornada acad\u00eamica. Familiares, amigos, professores e autoridades locais prestigiaram o evento, que simbolizou n\u00e3o apenas o encerramento de uma importante etapa na vida acad\u00eamica, mas tamb\u00e9m o in\u00edcio de novos desafios e conquistas para os graduados.<\/span><\/p>\n<p class=\"western\" style=\"text-align: justify;\"><span style=\"color: #000000; font-size: 12pt; font-family: arial, helvetica, sans-serif;\">Durante a solenidade, o representante do CRA-PA teve a oportunidade de parabenizar pessoalmente os formandos pela conquista alcan\u00e7ada, ressaltando a import\u00e2ncia da forma\u00e7\u00e3o em Administra\u00e7\u00e3o e o papel vital dos administradores na constru\u00e7\u00e3o de uma sociedade mais justa e pr\u00f3spera. \u201cA presen\u00e7a do CRA-PA na formatura foi de grande relev\u00e2ncia, pois refor\u00e7ou a import\u00e2ncia do Conselho na vida profissional dos formandos. Na oportunidade, pudemos lembrar da necessidade de todos os formandos realizarem seus registros profissionais, pois somente assim estar\u00e3o aptos para exercerem suas atividades de forma plena junto ao mercado de trabalho\u201d, refor\u00e7ou Cl\u00e1udio Jr. <\/span><\/p>\n<p class=\"western\" style=\"text-align: justify;\"><span style=\"color: #000000; font-size: 12pt; font-family: arial, helvetica, sans-serif;\">A participa\u00e7\u00e3o da Diretoria do CRA-PA nesta cerim\u00f4nia fortalece os la\u00e7os entre a academia e a entidade profissional e refor\u00e7a o compromisso m\u00fatuo com o desenvolvimento educacional e da Administra\u00e7\u00e3o no estado do Par\u00e1. <\/span><\/p>\n<p class=\"western\" style=\"text-align: justify;\"><span style=\"color: #000000; font-family: arial, helvetica, sans-serif;\"><span style=\"font-size: medium;\"><span style=\"font-size: 12pt;\">O Conselho Regional deseja aos formandos as maiores conquistas, aprendizado cont\u00ednuo e sucesso, e est\u00e1 de portas abertas para dirimir d\u00favidas sobre a profiss\u00e3o.<\/span> <\/span><\/span><\/p>\n<p>&nbsp;<\/p>\n<p>&nbsp;<\/p>\n","protected":false},"excerpt":{"rendered":"<p>No dia 20 de junho de 2024, o Conselho Regional de Administra\u00e7\u00e3o do Par\u00e1 participou da sess\u00e3o solene de outorga de grau dos formandos do curso de Administra\u00e7\u00e3o do Campus [&hellip;]<\/p>\n","protected":false},"author":31,"featured_media":68075,"comment_status":"open","ping_status":"closed","sticky":false,"template":"","format":"standard","meta":{"footnotes":"","_links_to":"","_links_to_target":""},"categories":[309],"tags":[],"class_list":["post-68074","post","type-post","status-publish","format-standard","has-post-thumbnail","hentry","category-ultimas-noticias","entry","has-media"],"_links":{"self":[{"href":"https:\/\/crapa.org.br\/index.php?rest_route=\/wp\/v2\/posts\/68074","targetHints":{"allow":["GET"]}}],"collection":[{"href":"https:\/\/crapa.org.br\/index.php?rest_route=\/wp\/v2\/posts"}],"about":[{"href":"https:\/\/crapa.org.br\/index.php?rest_route=\/wp\/v2\/types\/post"}],"author":[{"embeddable":true,"href":"https:\/\/crapa.org.br\/index.php?rest_route=\/wp\/v2\/users\/31"}],"replies":[{"embeddable":true,"href":"https:\/\/crapa.org.br\/index.php?rest_route=%2Fwp%2Fv2%2Fcomments&post=68074"}],"version-history":[{"count":0,"href":"https:\/\/crapa.org.br\/index.php?rest_route=\/wp\/v2\/posts\/68074\/revisions"}],"wp:featuredmedia":[{"embeddable":true,"href":"https:\/\/crapa.org.br\/index.php?rest_route=\/wp\/v2\/media\/68075"}],"wp:attachment":[{"href":"https:\/\/crapa.org.br\/index.php?rest_route=%2Fwp%2Fv2%2Fmedia&parent=68074"}],"wp:term":[{"taxonomy":"category","embeddable":true,"href":"https:\/\/crapa.org.br\/index.php?rest_route=%2Fwp%2Fv2%2Fcategories&post=68074"},{"taxonomy":"post_tag","embeddable":true,"href":"https:\/\/crapa.org.br\/index.php?rest_route=%2Fwp%2Fv2%2Ftags&post=68074"}],"curies":[{"name":"wp","href":"https:\/\/api.w.org\/{rel}","templated":true}]}}