{"id":68361,"date":"2024-11-01T18:30:20","date_gmt":"2024-11-01T21:30:20","guid":{"rendered":"https:\/\/crapa.org.br\/?p=68361"},"modified":"2024-11-08T17:19:00","modified_gmt":"2024-11-08T20:19:00","slug":"saiu-o-resultado-das-eleicoes-do-sistema-cfa-cras-2024","status":"publish","type":"post","link":"https:\/\/crapa.org.br\/?p=68361","title":{"rendered":"Quem n\u00e3o votou nas elei\u00e7\u00f5es do Sistema CFA\/CRAs precisa justificar aus\u00eancia"},"content":{"rendered":"<p style=\"text-align: justify;\"><span style=\"font-family: arial, helvetica, sans-serif; color: #000000;\">O Sistema Conselhos Federal e Regionais de Administra\u00e7\u00e3o (CFA\/CRAs) realizou, nesta ter\u00e7a-feira (18\/09), o pleito on-line para renovar um ter\u00e7o dos conselheiros em todo o pa\u00eds. Contudo, o eleitor que estava no col\u00e9gio eleitoral e por algum motivo n\u00e3o votou, precisa justificar sua aus\u00eancia no sistema.<\/span><\/p>\n<p style=\"text-align: justify;\"><span style=\"font-family: arial, helvetica, sans-serif; color: #000000;\">A falta de justificativa tornar\u00e1 o profissional de Administra\u00e7\u00e3o automaticamente ineleg\u00edvel no Sistema CFA\/CRAs para a pr\u00f3xima elei\u00e7\u00e3o. A orienta\u00e7\u00e3o est\u00e1 prevista na Resolu\u00e7\u00e3o Normativa do CFA, n.\u00ba 633, de 24 de outubro de 2023. O Artigo 37 esclarece que o voto \u00e9 pessoal, indeleg\u00e1vel, secreto e obrigat\u00f3rio.<\/span><\/p>\n<p><span style=\"font-family: arial, helvetica, sans-serif; color: #000000;\">A justificativa dever\u00e1 ser feita at\u00e9 o dia 17 de novembro de 2024 pelo site <span style=\"color: #003366;\"><a style=\"color: #003366;\" href=\"https:\/\/votaadministrador.org.br\/#\/home\" data-type=\"link\" data-id=\"https:\/\/votaadministrador.org.br\/#\/home\">votaadministrador.org.br<\/a><\/span>.<\/span><\/p>\n<p><span style=\"font-family: arial, helvetica, sans-serif; color: #000000;\">Confira, abaixo, o passo a passo:<\/span><\/p>\n<p><span style=\"font-family: arial, helvetica, sans-serif; color: #000000;\">1 \u2013 Acesse o site <span style=\"color: #003366;\">www.votaadministrador.org.br<\/span>.<\/span><\/p>\n<p><span style=\"font-family: arial, helvetica, sans-serif; color: #000000;\">2 \u2013 Escolha informe o seu CPF e o motivo da aus\u00eancia.<\/span><\/p>\n<p><span style=\"font-family: arial, helvetica, sans-serif; color: #000000;\">3 \u2013 Selecione o motivo da aus\u00eancia (h\u00e1 um espa\u00e7o para detalhar o motivo ou para anexar algum documento).<\/span><\/p>\n<p><span style=\"font-family: arial, helvetica, sans-serif; color: #000000;\">4 \u2013 Por fim, clique em \u201cEnviar\u201d.<\/span><\/p>\n<p><span style=\"font-family: arial, helvetica, sans-serif; color: #000000;\">Alexandra Fiori<\/span><br \/>\n<span style=\"font-family: arial, helvetica, sans-serif; color: #000000;\">Assessoria de Comunica\u00e7\u00e3o CFA<\/span><\/p>\n","protected":false},"excerpt":{"rendered":"<p>O Sistema Conselhos Federal e Regionais de Administra\u00e7\u00e3o (CFA\/CRAs) realizou, nesta ter\u00e7a-feira (18\/09), o pleito on-line para renovar um ter\u00e7o dos conselheiros em todo o pa\u00eds. Contudo, o eleitor que [&hellip;]<\/p>\n","protected":false},"author":31,"featured_media":68367,"comment_status":"open","ping_status":"closed","sticky":false,"template":"","format":"standard","meta":{"footnotes":"","_links_to":"","_links_to_target":""},"categories":[309],"tags":[],"class_list":["post-68361","post","type-post","status-publish","format-standard","has-post-thumbnail","hentry","category-ultimas-noticias","entry","has-media"],"_links":{"self":[{"href":"https:\/\/crapa.org.br\/index.php?rest_route=\/wp\/v2\/posts\/68361","targetHints":{"allow":["GET"]}}],"collection":[{"href":"https:\/\/crapa.org.br\/index.php?rest_route=\/wp\/v2\/posts"}],"about":[{"href":"https:\/\/crapa.org.br\/index.php?rest_route=\/wp\/v2\/types\/post"}],"author":[{"embeddable":true,"href":"https:\/\/crapa.org.br\/index.php?rest_route=\/wp\/v2\/users\/31"}],"replies":[{"embeddable":true,"href":"https:\/\/crapa.org.br\/index.php?rest_route=%2Fwp%2Fv2%2Fcomments&post=68361"}],"version-history":[{"count":0,"href":"https:\/\/crapa.org.br\/index.php?rest_route=\/wp\/v2\/posts\/68361\/revisions"}],"wp:featuredmedia":[{"embeddable":true,"href":"https:\/\/crapa.org.br\/index.php?rest_route=\/wp\/v2\/media\/68367"}],"wp:attachment":[{"href":"https:\/\/crapa.org.br\/index.php?rest_route=%2Fwp%2Fv2%2Fmedia&parent=68361"}],"wp:term":[{"taxonomy":"category","embeddable":true,"href":"https:\/\/crapa.org.br\/index.php?rest_route=%2Fwp%2Fv2%2Fcategories&post=68361"},{"taxonomy":"post_tag","embeddable":true,"href":"https:\/\/crapa.org.br\/index.php?rest_route=%2Fwp%2Fv2%2Ftags&post=68361"}],"curies":[{"name":"wp","href":"https:\/\/api.w.org\/{rel}","templated":true}]}}