{"id":68384,"date":"2024-11-01T18:43:13","date_gmt":"2024-11-01T21:43:13","guid":{"rendered":"https:\/\/crapa.org.br\/?p=68384"},"modified":"2024-11-08T17:21:57","modified_gmt":"2024-11-08T20:21:57","slug":"cra-pa-promove-workshop-de-governanca-integridade-e-compliance","status":"publish","type":"post","link":"https:\/\/crapa.org.br\/?p=68384","title":{"rendered":"CRA-PA promove Workshop de Governan\u00e7a, Integridade e Compliance"},"content":{"rendered":"<p style=\"text-align: justify;\"><span style=\"color: #000000;\">Com o objetivo de estimular e capacitar os profissionais de Administra\u00e7\u00e3o em rela\u00e7\u00e3o aos conceitos da Governan\u00e7a, Integridade e Compliance (CGI), o Conselho Regional de Administra\u00e7\u00e3o do Par\u00e1, em conjunto com o Conselho Federal de Administra\u00e7\u00e3o, realizou um workshop sobre essas \u00e1reas nos dias 24 e 25 de setembro. O evento ocorreu no audit\u00f3rio do edif\u00edcio Rog\u00e9lio Fernandez, localizado na Tv. Quintino Bocaiuva, que foi conduzido pelos administradores F\u00e1bio Macedo e C\u00e1ssio Dias, diretor e coordenador da C\u00e2mara de Governan\u00e7a, Integridade e Compliance do CFA.<\/span><\/p>\n<p style=\"text-align: justify;\"><span style=\"color: #000000;\">Durante o Workshop, foram explorados aspectos te\u00f3ricos fundamentais, como a evolu\u00e7\u00e3o hist\u00f3rica dos conceitos de governan\u00e7a, os princ\u00edpios que sustentam a governan\u00e7a p\u00fablica, e analisados estudos de casos ilustrativos. Foram discutidos tamb\u00e9m temas como o papel do apoio da alta administra\u00e7\u00e3o, funcionamento da \u00e1rea de GIC e estrat\u00e9gias para promover uma cultura organizacional \u00edntegra.<\/span><\/p>\n<p style=\"text-align: justify;\"><span style=\"color: #000000;\">A principal estrat\u00e9gia da capacita\u00e7\u00e3o \u00e9 disseminar a import\u00e2ncia do profissional de administra\u00e7\u00e3o no eixo canal da gest\u00e3o. Segundo o diretor Adm. F\u00e1bio Macedo, a governan\u00e7a trata de um modo mais amplo dos eixos, que \u00e9 uma forma estrat\u00e9gica para o delineamento operacional da gest\u00e3o. A integridade \u00e9 a forma de como o profissional \u00e9, da apresenta\u00e7\u00e3o institucional \u00e0 sociedade. J\u00e1 compliance \u00e9 a conformidade com as normas e legisla\u00e7\u00f5es. \u201cAgora mesmo est\u00e1 muito forte a quest\u00e3o da responsabilidade com a transpar\u00eancia p\u00fablica, n\u00f3s por sermos autarquia p\u00fablica federal estamos atentos em atender as 32 exig\u00eancias do Minist\u00e9rio P\u00fablico Federal\u201d, informou o diretor.<\/span><\/p>\n<p style=\"text-align: justify;\"><span style=\"color: #000000;\">No primeiro dia, com 70 inscritos, o workshop foi dedicado para a capacita\u00e7\u00e3o dos profissionais registrados e adimplentes com o CRA-PA. Na ocasi\u00e3o, os administradores aprenderam e tiraram suas d\u00favidas sobre o funcionamento do programa tem\u00e1tico, assim como aprenderam sobre gest\u00e3o de riscos, requisitos entre outros assuntos, al\u00e9m da aula te\u00f3rica, eles tiveram aula pr\u00e1tica em grupos.<\/span><\/p>\n<p style=\"text-align: justify;\"><span style=\"color: #000000;\">Os participantes do workshop elogiaram a qualidade do conte\u00fado e a forma como o evento foi conduzido. O Adm. David Moura ressaltou a import\u00e2ncia da capacita\u00e7\u00e3o que ser\u00e1 \u00fatil para o desenvolvimento de suas atividades. \u201cNo meu trabalho est\u00e1 sendo implantado esse processo de integridade e compliance na sua gest\u00e3o. Adotar esse modelo, agrega \u00e0 nossa implanta\u00e7\u00e3o do IFPA. Estamos trabalhando agora de forma muito forte\u201d, disse David.<\/span><br \/>\n<span style=\"color: #000000;\">\u00b4<\/span><br \/>\n<span style=\"color: #000000;\">A Adm. Elizama Silva Machado, servidora da Prefeitura Municipal de Cana\u00e3 dos Caraj\u00e1s, que se deslocou da regi\u00e3o sudeste do estado exclusivamente para participar da capacita\u00e7\u00e3o, falou de sua experi\u00eancia. \u201cFoi motivo de muita alegria estar aqui hoje, depois de mais de 15 horas de viagem, poder estar presente nesse evento, compartilhar momentos de grande aprendizado e contribuir tamb\u00e9m, ent\u00e3o eu me sinto honrada em estar aqui e absolver todo o conte\u00fado apresentado. O desenvolvimento da palestra trouxe valioso conhecimento, e eu espero que mais momentos como esse possa continuar acontecendo para enriquecer mais ainda o nosso aprendizado\u201d, concluiu.<\/span><\/p>\n<p style=\"text-align: justify;\"><span style=\"color: #000000;\">De acordo com a superintendente da Controladoria Regional da Uni\u00e3o do Par\u00e1, Lorena Paredes, que esteve presente no workshop, informou que a CGU emite instru\u00e7\u00f5es, portarias e orienta\u00e7\u00f5es relativas ao tema proposto. Portanto, para o Sistema \u00e9 fundamental a capacita\u00e7\u00e3o a estes profissionais. \u201cO Conselho est\u00e1 a partir deste evento promovendo um maior conhecimento sobre estes temas, at\u00e9 porque o normativo jur\u00eddico do Brasil hoje, em v\u00e1rias leis, inclusive de novas leis de licita\u00e7\u00f5es e contratos &#8211; Lei n\u00ba 14.133\/2021, fala muito sobre a governan\u00e7a, integridade e compliance. Ent\u00e3o, fomentar esse tipo de conhecimento junto com os profissionais da classe de administra\u00e7\u00e3o \u00e9 fundamental para que esses normativos possam ser devidamente cumpridos\u201d, declarou.<\/span><\/p>\n<p style=\"text-align: justify;\"><span style=\"color: #000000;\">O presidente do CRA-PA, Adm. F\u00e1bio L\u00facio Costa, falou da relev\u00e2ncia do workshop na vida dos profissionais. \u201cNesses dois dias de aprendizado, foram muitas informa\u00e7\u00f5es e conhecimento daquilo que a gente pode colocar em pr\u00e1tica em favor dos nossos profissionais e da sociedade. Desta forma, vamos seguir com uma gest\u00e3o transparente, comprometida e com \u00e9tica\u201d, finalizou.<\/span><\/p>\n<p style=\"text-align: justify;\"><span style=\"color: #000000;\">J\u00e1 o segundo dia foi dirigido aos colaboradores e conselheiros da autarquia que participaram de uma roda de conversa, onde foram abordadas quest\u00f5es espec\u00edficas do Sistema CFA\/CRAs, como a resolu\u00e7\u00e3o interna sobre Integridade e Compliance. Buscar solu\u00e7\u00f5es organizacionais tamb\u00e9m foi pauta entre os presentes e atrav\u00e9s de din\u00e2mica, puderam externar o momento da sua virada de chave no CRA-PA. Os conselheiros federais pelo Par\u00e1, Adm. Mauro Le\u00f4nidas e Adm. F\u00edbia Guimar\u00e3es, tamb\u00e9m prestigiaram o evento.<\/span><\/p>\n<p style=\"text-align: justify;\"><span style=\"color: #000000;\">Foi um momento de muito aprendizado e oportunidade \u00edmpar para cada um que participou da capacita\u00e7\u00e3o. O evento foi um sucesso e contou com grande engajamento dos presentes.<\/span><br \/>\n.<br \/>\n<span style=\"color: #000000;\">Ascom: Andr\u00e9a Ferreira<\/span><\/p>\n<p><img decoding=\"async\" class=\"alignnone size-full wp-image-68400\" src=\"https:\/\/crapa.org.br\/wp-content\/uploads\/2024\/09\/IMG_0473-1.jpg\" alt=\"\" width=\"1280\" height=\"853\" srcset=\"https:\/\/crapa.org.br\/wp-content\/uploads\/2024\/09\/IMG_0473-1-300x200.jpg 300w, https:\/\/crapa.org.br\/wp-content\/uploads\/2024\/09\/IMG_0473-1-768x512.jpg 768w, https:\/\/crapa.org.br\/wp-content\/uploads\/2024\/09\/IMG_0473-1-1024x682.jpg 1024w, https:\/\/crapa.org.br\/wp-content\/uploads\/2024\/09\/IMG_0473-1.jpg 1280w\" sizes=\"(max-width: 1280px) 100vw, 1280px\" \/><\/p>\n<p><img decoding=\"async\" class=\"alignnone size-full wp-image-68398\" src=\"https:\/\/crapa.org.br\/wp-content\/uploads\/2024\/09\/IMG_0448-1.jpg\" alt=\"\" width=\"1200\" height=\"800\" srcset=\"https:\/\/crapa.org.br\/wp-content\/uploads\/2024\/09\/IMG_0448-1-300x200.jpg 300w, https:\/\/crapa.org.br\/wp-content\/uploads\/2024\/09\/IMG_0448-1-768x512.jpg 768w, https:\/\/crapa.org.br\/wp-content\/uploads\/2024\/09\/IMG_0448-1-1024x683.jpg 1024w, https:\/\/crapa.org.br\/wp-content\/uploads\/2024\/09\/IMG_0448-1.jpg 1200w\" sizes=\"(max-width: 1200px) 100vw, 1200px\" \/><\/p>\n<p><img decoding=\"async\" class=\"alignnone size-full wp-image-68396\" src=\"https:\/\/crapa.org.br\/wp-content\/uploads\/2024\/09\/IMG_0019-1.jpg\" alt=\"\" width=\"1200\" height=\"799\" srcset=\"https:\/\/crapa.org.br\/wp-content\/uploads\/2024\/09\/IMG_0019-1-300x200.jpg 300w, https:\/\/crapa.org.br\/wp-content\/uploads\/2024\/09\/IMG_0019-1-768x511.jpg 768w, https:\/\/crapa.org.br\/wp-content\/uploads\/2024\/09\/IMG_0019-1-1024x682.jpg 1024w, https:\/\/crapa.org.br\/wp-content\/uploads\/2024\/09\/IMG_0019-1.jpg 1200w\" sizes=\"(max-width: 1200px) 100vw, 1200px\" \/><\/p>\n<p><img decoding=\"async\" class=\"alignnone size-full wp-image-68388\" src=\"https:\/\/crapa.org.br\/wp-content\/uploads\/2024\/09\/workshop-1.jpg\" alt=\"\" width=\"1280\" height=\"960\" srcset=\"https:\/\/crapa.org.br\/wp-content\/uploads\/2024\/09\/workshop-1-300x225.jpg 300w, https:\/\/crapa.org.br\/wp-content\/uploads\/2024\/09\/workshop-1-768x576.jpg 768w, https:\/\/crapa.org.br\/wp-content\/uploads\/2024\/09\/workshop-1-1024x768.jpg 1024w, https:\/\/crapa.org.br\/wp-content\/uploads\/2024\/09\/workshop-1.jpg 1280w\" sizes=\"(max-width: 1280px) 100vw, 1280px\" \/><\/p>\n","protected":false},"excerpt":{"rendered":"<p>Com o objetivo de estimular e capacitar os profissionais de Administra\u00e7\u00e3o em rela\u00e7\u00e3o aos conceitos da Governan\u00e7a, Integridade e Compliance (CGI), o Conselho Regional de Administra\u00e7\u00e3o do Par\u00e1, em conjunto [&hellip;]<\/p>\n","protected":false},"author":31,"featured_media":68386,"comment_status":"open","ping_status":"closed","sticky":false,"template":"","format":"standard","meta":{"footnotes":"","_links_to":"","_links_to_target":""},"categories":[309],"tags":[],"class_list":["post-68384","post","type-post","status-publish","format-standard","has-post-thumbnail","hentry","category-ultimas-noticias","entry","has-media"],"_links":{"self":[{"href":"https:\/\/crapa.org.br\/index.php?rest_route=\/wp\/v2\/posts\/68384","targetHints":{"allow":["GET"]}}],"collection":[{"href":"https:\/\/crapa.org.br\/index.php?rest_route=\/wp\/v2\/posts"}],"about":[{"href":"https:\/\/crapa.org.br\/index.php?rest_route=\/wp\/v2\/types\/post"}],"author":[{"embeddable":true,"href":"https:\/\/crapa.org.br\/index.php?rest_route=\/wp\/v2\/users\/31"}],"replies":[{"embeddable":true,"href":"https:\/\/crapa.org.br\/index.php?rest_route=%2Fwp%2Fv2%2Fcomments&post=68384"}],"version-history":[{"count":0,"href":"https:\/\/crapa.org.br\/index.php?rest_route=\/wp\/v2\/posts\/68384\/revisions"}],"wp:featuredmedia":[{"embeddable":true,"href":"https:\/\/crapa.org.br\/index.php?rest_route=\/wp\/v2\/media\/68386"}],"wp:attachment":[{"href":"https:\/\/crapa.org.br\/index.php?rest_route=%2Fwp%2Fv2%2Fmedia&parent=68384"}],"wp:term":[{"taxonomy":"category","embeddable":true,"href":"https:\/\/crapa.org.br\/index.php?rest_route=%2Fwp%2Fv2%2Fcategories&post=68384"},{"taxonomy":"post_tag","embeddable":true,"href":"https:\/\/crapa.org.br\/index.php?rest_route=%2Fwp%2Fv2%2Ftags&post=68384"}],"curies":[{"name":"wp","href":"https:\/\/api.w.org\/{rel}","templated":true}]}}