{"id":68438,"date":"2024-10-04T13:20:48","date_gmt":"2024-10-04T16:20:48","guid":{"rendered":"https:\/\/crapa.org.br\/?p=68438"},"modified":"2024-12-19T00:32:05","modified_gmt":"2024-12-19T03:32:05","slug":"entrega-premios-que-homenageia-trajetorias-profissionais-e-realiza-tributo-a-excelencia-na-administracao-e-na-educacao","status":"publish","type":"post","link":"https:\/\/crapa.org.br\/?p=68438","title":{"rendered":"CRA-PA entrega Pr\u00eamios que homenageia trajet\u00f3rias profissionais e realiza tributo \u00e0 excel\u00eancia na Administra\u00e7\u00e3o e na Educa\u00e7\u00e3o"},"content":{"rendered":"<p style=\"text-align: justify;\"><span style=\"font-family: arial, helvetica, sans-serif; color: #000000;\">A solenidade ocorreu na quarta-feira (2), no audit\u00f3rio do Ed. Rog\u00e9lio Fernandez, e foi conduzida pelos conselheiros Adm. Danielle Corr\u00eaa e Adm. Luiz Alves dos Santos. O objetivo \u00e9 reconhecer e premiar o m\u00e9rito dos profissionais que se destacam em estudos, pesquisas, projetos e atividades que reforcem as a\u00e7\u00f5es do CRA-PA e as boas pr\u00e1ticas da administra\u00e7\u00e3o no estado do Par\u00e1, al\u00e9m de reconhecer projetos que contribuem n\u00e3o apenas para a melhoria do ensino, mas tamb\u00e9m para a forma\u00e7\u00e3o do profissional e do cidad\u00e3o.<\/span><\/p>\n<p style=\"text-align: justify;\"><span style=\"font-family: arial, helvetica, sans-serif; color: #000000;\">Na presen\u00e7a dos conselheiros; de dirigentes de entidades empresariais; de representantes da \u00e1rea de ensino e dos profissionais de administra\u00e7\u00e3o, os cinco homenageados foram agraciados nas categorias: Pr\u00eamio Jovem Administrador &#8211; Adm. Thiago Borges Gon\u00e7alves; Pr\u00eamio Tecn\u00f3logo na \u00c1rea de Administra\u00e7\u00e3o &#8211; Tecnol\u00aa Hingrid Gaia Velasco; Pr\u00eamio Mulher Administradora &#8211; Adm. Vanessa Freire Bremer; Pr\u00eamio Institucional Educa\u00e7\u00e3o em Administra\u00e7\u00e3o &#8211; Centro Universit\u00e1rio do Par\u00e1 (CESUPA); Pr\u00eamio M\u00e9rito em Administra\u00e7\u00e3o CRA-PA Adm. Nelson de Figueiredo Ribeiro\u00a0 &#8211; Adm. Raymundo Moraes de Albuquerque.<\/span><\/p>\n<p style=\"text-align: justify;\"><span style=\"font-family: arial, helvetica, sans-serif; color: #000000;\">Na ocasi\u00e3o, a vice-presidente Adm. Delma Lopes de Oliveira representou o presidente da entidade. &#8220;Estamos sentindo falta do F\u00e1bio L\u00facio, que por for\u00e7a m\u00e9dica, teve que se ausentar. Quero parabenizar em nome do F\u00e1bio e do CRA-PA os premiados e convidados que vieram prestigiar este momento solene&#8221;, ressaltou.<\/span><\/p>\n<p style=\"text-align: justify;\"><span style=\"font-family: arial, helvetica, sans-serif; color: #000000;\">Criada em 2020, na gest\u00e3o atual do presidente Adm. F\u00e1bio L\u00facio Costa, a premia\u00e7\u00e3o \u00e9 concedida pelo CRA-PA aos profissionais que, com trajet\u00f3rias de dedica\u00e7\u00e3o e comprometimento, contribuem para o desenvolvimento da profiss\u00e3o. Desde a origem do pr\u00eamio, 16 personalidades j\u00e1 foram homenageadas. Nas quatro edi\u00e7\u00f5es realizadas, duas Institui\u00e7\u00f5es de Ensino Superior (IES) tamb\u00e9m j\u00e1 foram agraciadas com o Pr\u00eamio Institucional Educa\u00e7\u00e3o em Administra\u00e7\u00e3o, o t\u00edtulo \u00e9 um destaque especial \u00e0s IES com cursos em Administra\u00e7\u00e3o e coordenados por administradores.<\/span><\/p>\n<p style=\"text-align: justify;\"><span style=\"font-family: arial, helvetica, sans-serif; color: #000000;\">A escolha dos premiados \u00e9 avaliada pela Comiss\u00e3o Especial Julgadora da Premia\u00e7\u00e3o, designada pelo Plen\u00e1rio, de acordo com os crit\u00e9rios do regulamento dispon\u00edvel no site do CRA-PA, onde tamb\u00e9m tem um hist\u00f3rico com os nomes de todos os homenageados nas edi\u00e7\u00f5es anteriores.<\/span><\/p>\n<p style=\"text-align: justify;\"><span style=\"font-family: arial, helvetica, sans-serif; color: #000000;\">Para a conselheira e diretora, que faz parte da comiss\u00e3o de premia\u00e7\u00e3o, Adm. Danielle Corr\u00eaa, \u00e9 gratificante ao CRA-PA reconhecer e premiar os profissionais de administra\u00e7\u00e3o.<\/span><\/p>\n<p style=\"text-align: justify;\"><span style=\"font-family: arial, helvetica, sans-serif; color: #000000;\">A conselheira federal Adm. F\u00edbia Brito Guimar\u00e3es, falou sobre sua trajet\u00f3ria universit\u00e1ria e externou a sua satisfa\u00e7\u00e3o em fazer parte deste legado. &#8220;Este dia \u00e9 muito importante porque temos a oportunidade de comemorar a nossa profiss\u00e3o. Este momento me deixa reflexiva sobre todas as nossas conquistas&#8221;, disse.<\/span><\/p>\n<p style=\"text-align: justify;\"><span style=\"font-family: arial, helvetica, sans-serif; color: #000000;\">A honraria ao Pr\u00eamio M\u00e9rito em Administra\u00e7\u00e3o CRA-PA Adm. Nelson de Figueiredo Ribeiro foi para o Adm. Raymundo Albuquerque, que integrou a primeira turma de Administra\u00e7\u00e3o, diplomada em 1958, e tamb\u00e9m participou da primeira junta que instalou o regional paraense. &#8220;\u00c9 com muita satisfa\u00e7\u00e3o que eu recebo o pr\u00eamio Nelson Figueiredo institu\u00eddo pelo CRA-PA que \u00e9 liderado pelo grande administrador F\u00e1bio L\u00facio. Foi um dia de muita alegria e refer\u00eancia a estes profissionais competentes que engrandecem a na\u00e7\u00e3o brasileira por seus trabalhos&#8221;, pontuou Albuquerque.<\/span><\/p>\n<p><img decoding=\"async\" class=\"alignnone size-full wp-image-68444\" src=\"https:\/\/crapa.org.br\/wp-content\/uploads\/2024\/10\/premio3-1.jpg\" alt=\"\" width=\"1371\" height=\"967\" srcset=\"https:\/\/crapa.org.br\/wp-content\/uploads\/2024\/10\/premio3-1-300x212.jpg 300w, https:\/\/crapa.org.br\/wp-content\/uploads\/2024\/10\/premio3-1-768x542.jpg 768w, https:\/\/crapa.org.br\/wp-content\/uploads\/2024\/10\/premio3-1-1024x722.jpg 1024w, https:\/\/crapa.org.br\/wp-content\/uploads\/2024\/10\/premio3-1.jpg 1371w\" sizes=\"(max-width: 1371px) 100vw, 1371px\" \/><\/p>\n<figure id=\"attachment_68450\" aria-describedby=\"caption-attachment-68450\" style=\"width: 1317px\" class=\"wp-caption alignnone\"><img decoding=\"async\" class=\"wp-image-68450 size-full\" src=\"https:\/\/crapa.org.br\/wp-content\/uploads\/2024\/10\/premio-a.jpg\" alt=\"\" width=\"1317\" height=\"878\" srcset=\"https:\/\/crapa.org.br\/wp-content\/uploads\/2024\/10\/premio-a-300x200.jpg 300w, https:\/\/crapa.org.br\/wp-content\/uploads\/2024\/10\/premio-a-768x512.jpg 768w, https:\/\/crapa.org.br\/wp-content\/uploads\/2024\/10\/premio-a-1024x683.jpg 1024w, https:\/\/crapa.org.br\/wp-content\/uploads\/2024\/10\/premio-a.jpg 1317w\" sizes=\"(max-width: 1317px) 100vw, 1317px\" \/><figcaption id=\"caption-attachment-68450\" class=\"wp-caption-text\">Adm. Raymundo Albuquerque &#8211; Pr\u00eamio M\u00e9rito em Administra\u00e7\u00e3o CRA-PA Adm. Nelson de Figueiredo Ribeiro<\/figcaption><\/figure>\n<figure id=\"attachment_68454\" aria-describedby=\"caption-attachment-68454\" style=\"width: 1600px\" class=\"wp-caption alignnone\"><img decoding=\"async\" class=\"wp-image-68454 size-full\" src=\"https:\/\/crapa.org.br\/wp-content\/uploads\/2024\/10\/premio4.jpg\" alt=\"\" width=\"1600\" height=\"1066\" srcset=\"https:\/\/crapa.org.br\/wp-content\/uploads\/2024\/10\/premio4-300x200.jpg 300w, https:\/\/crapa.org.br\/wp-content\/uploads\/2024\/10\/premio4-768x512.jpg 768w, https:\/\/crapa.org.br\/wp-content\/uploads\/2024\/10\/premio4-1024x682.jpg 1024w, https:\/\/crapa.org.br\/wp-content\/uploads\/2024\/10\/premio4.jpg 1600w\" sizes=\"(max-width: 1600px) 100vw, 1600px\" \/><figcaption id=\"caption-attachment-68454\" class=\"wp-caption-text\">Adm. Vanessa Freire Bremer &#8211; Pr\u00eamio Mulher Administradora<\/figcaption><\/figure>\n<figure id=\"attachment_68456\" aria-describedby=\"caption-attachment-68456\" style=\"width: 1317px\" class=\"wp-caption alignnone\"><img decoding=\"async\" class=\"wp-image-68456 size-full\" src=\"https:\/\/crapa.org.br\/wp-content\/uploads\/2024\/10\/premioy.jpg\" alt=\"\" width=\"1317\" height=\"878\" srcset=\"https:\/\/crapa.org.br\/wp-content\/uploads\/2024\/10\/premioy-300x200.jpg 300w, https:\/\/crapa.org.br\/wp-content\/uploads\/2024\/10\/premioy-768x512.jpg 768w, https:\/\/crapa.org.br\/wp-content\/uploads\/2024\/10\/premioy-1024x683.jpg 1024w, https:\/\/crapa.org.br\/wp-content\/uploads\/2024\/10\/premioy.jpg 1317w\" sizes=\"(max-width: 1317px) 100vw, 1317px\" \/><figcaption id=\"caption-attachment-68456\" class=\"wp-caption-text\">Adm. Thiago Borges Gon\u00e7alves &#8211; Pr\u00eamio Jovem Administrador<\/figcaption><\/figure>\n<figure id=\"attachment_68461\" aria-describedby=\"caption-attachment-68461\" style=\"width: 1317px\" class=\"wp-caption alignnone\"><img decoding=\"async\" class=\"wp-image-68461 size-full\" src=\"https:\/\/crapa.org.br\/wp-content\/uploads\/2024\/10\/premiod-1.jpg\" alt=\"\" width=\"1317\" height=\"878\" srcset=\"https:\/\/crapa.org.br\/wp-content\/uploads\/2024\/10\/premiod-1-300x200.jpg 300w, https:\/\/crapa.org.br\/wp-content\/uploads\/2024\/10\/premiod-1-768x512.jpg 768w, https:\/\/crapa.org.br\/wp-content\/uploads\/2024\/10\/premiod-1-1024x683.jpg 1024w, https:\/\/crapa.org.br\/wp-content\/uploads\/2024\/10\/premiod-1.jpg 1317w\" sizes=\"(max-width: 1317px) 100vw, 1317px\" \/><figcaption id=\"caption-attachment-68461\" class=\"wp-caption-text\">Tecnol\u00aa Hingrid Gaia Velasco &#8211; Pr\u00eamio Tecn\u00f3logo na \u00c1rea de Administra\u00e7\u00e3o<\/figcaption><\/figure>\n<figure id=\"attachment_68453\" aria-describedby=\"caption-attachment-68453\" style=\"width: 1600px\" class=\"wp-caption alignnone\"><img decoding=\"async\" class=\"wp-image-68453 size-full\" src=\"https:\/\/crapa.org.br\/wp-content\/uploads\/2024\/10\/premio-b-1.jpg\" alt=\"\" width=\"1600\" height=\"1066\" srcset=\"https:\/\/crapa.org.br\/wp-content\/uploads\/2024\/10\/premio-b-1-300x200.jpg 300w, https:\/\/crapa.org.br\/wp-content\/uploads\/2024\/10\/premio-b-1-768x512.jpg 768w, https:\/\/crapa.org.br\/wp-content\/uploads\/2024\/10\/premio-b-1-1024x682.jpg 1024w, https:\/\/crapa.org.br\/wp-content\/uploads\/2024\/10\/premio-b-1-1536x1023.jpg 1536w, https:\/\/crapa.org.br\/wp-content\/uploads\/2024\/10\/premio-b-1.jpg 1600w\" sizes=\"(max-width: 1600px) 100vw, 1600px\" \/><figcaption id=\"caption-attachment-68453\" class=\"wp-caption-text\">Centro Universit\u00e1rio do Par\u00e1 (CESUPA) &#8211; Pr\u00eamio Institucional Educa\u00e7\u00e3o em Administra\u00e7\u00e3o<\/figcaption><\/figure>\n<p><img decoding=\"async\" class=\"alignnone size-full wp-image-68442\" src=\"https:\/\/crapa.org.br\/wp-content\/uploads\/2024\/10\/premio1-1.jpg\" alt=\"\" width=\"1600\" height=\"1066\" srcset=\"https:\/\/crapa.org.br\/wp-content\/uploads\/2024\/10\/premio1-1-300x200.jpg 300w, https:\/\/crapa.org.br\/wp-content\/uploads\/2024\/10\/premio1-1-768x512.jpg 768w, https:\/\/crapa.org.br\/wp-content\/uploads\/2024\/10\/premio1-1-1024x682.jpg 1024w, https:\/\/crapa.org.br\/wp-content\/uploads\/2024\/10\/premio1-1-1536x1023.jpg 1536w, https:\/\/crapa.org.br\/wp-content\/uploads\/2024\/10\/premio1-1.jpg 1600w\" sizes=\"(max-width: 1600px) 100vw, 1600px\" \/><\/p>\n<p><img decoding=\"async\" class=\"alignnone size-full wp-image-68446\" src=\"https:\/\/crapa.org.br\/wp-content\/uploads\/2024\/10\/premio-colaboradores.jpg\" alt=\"\" width=\"1183\" height=\"779\" srcset=\"https:\/\/crapa.org.br\/wp-content\/uploads\/2024\/10\/premio-colaboradores-300x198.jpg 300w, https:\/\/crapa.org.br\/wp-content\/uploads\/2024\/10\/premio-colaboradores-768x506.jpg 768w, https:\/\/crapa.org.br\/wp-content\/uploads\/2024\/10\/premio-colaboradores-1024x674.jpg 1024w, https:\/\/crapa.org.br\/wp-content\/uploads\/2024\/10\/premio-colaboradores.jpg 1183w\" sizes=\"(max-width: 1183px) 100vw, 1183px\" \/><\/p>\n","protected":false},"excerpt":{"rendered":"<p>A solenidade ocorreu na quarta-feira (2), no audit\u00f3rio do Ed. Rog\u00e9lio Fernandez, e foi conduzida pelos conselheiros Adm. Danielle Corr\u00eaa e Adm. Luiz Alves dos Santos. O objetivo \u00e9 reconhecer [&hellip;]<\/p>\n","protected":false},"author":31,"featured_media":68465,"comment_status":"open","ping_status":"closed","sticky":false,"template":"","format":"standard","meta":{"footnotes":"","_links_to":"","_links_to_target":""},"categories":[309],"tags":[],"class_list":["post-68438","post","type-post","status-publish","format-standard","has-post-thumbnail","hentry","category-ultimas-noticias","entry","has-media"],"_links":{"self":[{"href":"https:\/\/crapa.org.br\/index.php?rest_route=\/wp\/v2\/posts\/68438","targetHints":{"allow":["GET"]}}],"collection":[{"href":"https:\/\/crapa.org.br\/index.php?rest_route=\/wp\/v2\/posts"}],"about":[{"href":"https:\/\/crapa.org.br\/index.php?rest_route=\/wp\/v2\/types\/post"}],"author":[{"embeddable":true,"href":"https:\/\/crapa.org.br\/index.php?rest_route=\/wp\/v2\/users\/31"}],"replies":[{"embeddable":true,"href":"https:\/\/crapa.org.br\/index.php?rest_route=%2Fwp%2Fv2%2Fcomments&post=68438"}],"version-history":[{"count":0,"href":"https:\/\/crapa.org.br\/index.php?rest_route=\/wp\/v2\/posts\/68438\/revisions"}],"wp:featuredmedia":[{"embeddable":true,"href":"https:\/\/crapa.org.br\/index.php?rest_route=\/wp\/v2\/media\/68465"}],"wp:attachment":[{"href":"https:\/\/crapa.org.br\/index.php?rest_route=%2Fwp%2Fv2%2Fmedia&parent=68438"}],"wp:term":[{"taxonomy":"category","embeddable":true,"href":"https:\/\/crapa.org.br\/index.php?rest_route=%2Fwp%2Fv2%2Fcategories&post=68438"},{"taxonomy":"post_tag","embeddable":true,"href":"https:\/\/crapa.org.br\/index.php?rest_route=%2Fwp%2Fv2%2Ftags&post=68438"}],"curies":[{"name":"wp","href":"https:\/\/api.w.org\/{rel}","templated":true}]}}