{"id":68500,"date":"2024-11-01T17:35:03","date_gmt":"2024-11-01T20:35:03","guid":{"rendered":"https:\/\/crapa.org.br\/?p=68500"},"modified":"2024-11-08T17:29:56","modified_gmt":"2024-11-08T20:29:56","slug":"cra-pa-realizada-reuniao-conjunta-para-discutir-acoes-em-prol-da-categoria","status":"publish","type":"post","link":"https:\/\/crapa.org.br\/?p=68500","title":{"rendered":"CRA-PA realizada reuni\u00e3o conjunta para discutir a\u00e7\u00f5es em prol da categoria"},"content":{"rendered":"<p style=\"text-align: justify;\"><span style=\"color: #000000; font-family: arial, helvetica, sans-serif;\">Na tarde da \u00faltima quarta-feira, 16, a diretoria e os conselheiros do Conselho Regional de Administra\u00e7\u00e3o do Par\u00e1 estiveram reunidos na 10\u00ba Direx e 19\u00aa Plen\u00e1ria de 2024. O objetivo foi discutir pautas e deliberar sobre assuntos de extrema import\u00e2ncia para o regional paraense.<\/span><\/p>\n<p style=\"text-align: justify;\"><span style=\"color: #000000; font-family: arial, helvetica, sans-serif;\">Os conselheiros presentes debateram e aprovaram os balancetes financeiros referentes ao m\u00eas de setembro de 2024, analisaram os relat\u00f3rios relacionados a fiscaliza\u00e7\u00e3o, tomada de contas, tratamento arquiv\u00edstico e gest\u00e3o documental, solu\u00e7\u00e3o tecnol\u00f3gica de Software e gest\u00e3o administrativa<strong>, <\/strong>al\u00e9m das pautas institucionais com foco na valoriza\u00e7\u00e3o dos profissionais da \u00e1rea da administra\u00e7\u00e3o.<\/span><\/p>\n<p style=\"text-align: justify;\"><span style=\"color: #000000; font-family: arial, helvetica, sans-serif;\">Os preparativos para a realiza\u00e7\u00e3o do Encontro Brasileiro de Administra\u00e7\u00e3o &#8211; ENBRA-2025, que vai acontecer em Bel\u00e9m, no m\u00eas de junho, e a cria\u00e7\u00e3o da Academia Paraense de Administra\u00e7\u00e3o, tamb\u00e9m foram assuntos abordados pelos conselheiros.<\/span><\/p>\n<p style=\"text-align: justify;\"><span style=\"color: #000000; font-family: arial, helvetica, sans-serif;\">A reuni\u00e3o, presidida pelo Presidente Adm. F\u00e1bio Lucio Costa, contou com a participa\u00e7\u00e3o, presencialmente, da vice-presidente, Adm. Delma Lopes, do diretor administrativo financeiro, Adm. Hermes Feitosa, do diretor de fiscaliza\u00e7\u00e3o, Adm. Cl\u00e1udio Bittencourt Jr, da diretora de rela\u00e7\u00f5es institucionais, Adm. Danielle Corr\u00eaa, e dos conselheiros Adm. Ivaldo Melo Jr, Adm. Luiz Alves. Por v\u00eddeo confer\u00eancia, participaram os conselheiros Adm. Vera Fidalgo e Adm. Pedro Loureiro.<\/span><\/p>\n<p><img decoding=\"async\" class=\"alignnone size-full wp-image-68504\" src=\"https:\/\/crapa.org.br\/wp-content\/uploads\/2024\/10\/5d623b30-e25b-464f-a4a2-62d56ad4db98-1.jpg\" alt=\"\" width=\"1280\" height=\"720\" srcset=\"https:\/\/crapa.org.br\/wp-content\/uploads\/2024\/10\/5d623b30-e25b-464f-a4a2-62d56ad4db98-1-300x169.jpg 300w, https:\/\/crapa.org.br\/wp-content\/uploads\/2024\/10\/5d623b30-e25b-464f-a4a2-62d56ad4db98-1-768x432.jpg 768w, https:\/\/crapa.org.br\/wp-content\/uploads\/2024\/10\/5d623b30-e25b-464f-a4a2-62d56ad4db98-1-800x450.jpg 800w, https:\/\/crapa.org.br\/wp-content\/uploads\/2024\/10\/5d623b30-e25b-464f-a4a2-62d56ad4db98-1-1024x576.jpg 1024w, https:\/\/crapa.org.br\/wp-content\/uploads\/2024\/10\/5d623b30-e25b-464f-a4a2-62d56ad4db98-1.jpg 1280w\" sizes=\"(max-width: 1280px) 100vw, 1280px\" \/><\/p>\n<p><img decoding=\"async\" class=\"alignnone size-full wp-image-68502\" src=\"https:\/\/crapa.org.br\/wp-content\/uploads\/2024\/10\/986ef3eb-1b78-44df-b2e6-ffccc64992d9.jpg\" alt=\"\" width=\"1280\" height=\"720\" srcset=\"https:\/\/crapa.org.br\/wp-content\/uploads\/2024\/10\/986ef3eb-1b78-44df-b2e6-ffccc64992d9-300x169.jpg 300w, https:\/\/crapa.org.br\/wp-content\/uploads\/2024\/10\/986ef3eb-1b78-44df-b2e6-ffccc64992d9-768x432.jpg 768w, https:\/\/crapa.org.br\/wp-content\/uploads\/2024\/10\/986ef3eb-1b78-44df-b2e6-ffccc64992d9-800x450.jpg 800w, https:\/\/crapa.org.br\/wp-content\/uploads\/2024\/10\/986ef3eb-1b78-44df-b2e6-ffccc64992d9-1024x576.jpg 1024w, https:\/\/crapa.org.br\/wp-content\/uploads\/2024\/10\/986ef3eb-1b78-44df-b2e6-ffccc64992d9.jpg 1280w\" sizes=\"(max-width: 1280px) 100vw, 1280px\" \/><\/p>\n","protected":false},"excerpt":{"rendered":"<p>Na tarde da \u00faltima quarta-feira, 16, a diretoria e os conselheiros do Conselho Regional de Administra\u00e7\u00e3o do Par\u00e1 estiveram reunidos na 10\u00ba Direx e 19\u00aa Plen\u00e1ria de 2024. O objetivo [&hellip;]<\/p>\n","protected":false},"author":31,"featured_media":68501,"comment_status":"open","ping_status":"closed","sticky":false,"template":"","format":"standard","meta":{"footnotes":"","_links_to":"","_links_to_target":""},"categories":[309],"tags":[],"class_list":["post-68500","post","type-post","status-publish","format-standard","has-post-thumbnail","hentry","category-ultimas-noticias","entry","has-media"],"_links":{"self":[{"href":"https:\/\/crapa.org.br\/index.php?rest_route=\/wp\/v2\/posts\/68500","targetHints":{"allow":["GET"]}}],"collection":[{"href":"https:\/\/crapa.org.br\/index.php?rest_route=\/wp\/v2\/posts"}],"about":[{"href":"https:\/\/crapa.org.br\/index.php?rest_route=\/wp\/v2\/types\/post"}],"author":[{"embeddable":true,"href":"https:\/\/crapa.org.br\/index.php?rest_route=\/wp\/v2\/users\/31"}],"replies":[{"embeddable":true,"href":"https:\/\/crapa.org.br\/index.php?rest_route=%2Fwp%2Fv2%2Fcomments&post=68500"}],"version-history":[{"count":0,"href":"https:\/\/crapa.org.br\/index.php?rest_route=\/wp\/v2\/posts\/68500\/revisions"}],"wp:featuredmedia":[{"embeddable":true,"href":"https:\/\/crapa.org.br\/index.php?rest_route=\/wp\/v2\/media\/68501"}],"wp:attachment":[{"href":"https:\/\/crapa.org.br\/index.php?rest_route=%2Fwp%2Fv2%2Fmedia&parent=68500"}],"wp:term":[{"taxonomy":"category","embeddable":true,"href":"https:\/\/crapa.org.br\/index.php?rest_route=%2Fwp%2Fv2%2Fcategories&post=68500"},{"taxonomy":"post_tag","embeddable":true,"href":"https:\/\/crapa.org.br\/index.php?rest_route=%2Fwp%2Fv2%2Ftags&post=68500"}],"curies":[{"name":"wp","href":"https:\/\/api.w.org\/{rel}","templated":true}]}}