{"id":68627,"date":"2024-12-06T11:58:28","date_gmt":"2024-12-06T14:58:28","guid":{"rendered":"https:\/\/crapa.org.br\/?p=68627"},"modified":"2024-12-06T12:27:03","modified_gmt":"2024-12-06T15:27:03","slug":"cra-pa-presente-em-eventos-de-relevancia-no-cenario-nacional-da-administracao","status":"publish","type":"post","link":"https:\/\/crapa.org.br\/?p=68627","title":{"rendered":"CRA-PA presente em eventos de relev\u00e2ncia no cen\u00e1rio nacional da Administra\u00e7\u00e3o"},"content":{"rendered":"<p class=\"western\" style=\"text-align: justify;\" align=\"justify\"><span style=\"color: #000000; font-size: 12pt;\"><span style=\"font-family: Arial, sans-serif;\">Nesta quarta-feira 4, o Presidente do Conselho Regional de Administra\u00e7\u00e3o do Par\u00e1, Adm. F\u00e1bio L\u00facio Costa, participou do 5\u00ba F\u00f3rum de Presidentes do Sistema CFA\/CRAs, realizado em Gramado, Rio Grande do Sul. O evento, que re\u00fane os gestores de Conselhos Regionais e do Conselho Federal de Administra\u00e7\u00e3o (CFA),<\/span><span style=\"font-family: Arial, sans-serif;\"><span lang=\"pt-PT\"> discutiu temas essenciais para a profiss\u00e3o, <\/span><\/span><span style=\"font-family: Arial, sans-serif;\">proporcionando um espa\u00e7o para o di\u00e1logo e de troca de experi\u00eancias entre os l\u00edderes dos Conselhos. <\/span><\/span><\/p>\n<p class=\"western\" style=\"text-align: justify;\"><span style=\"color: #000000; font-size: 12pt;\"><span style=\"font-family: Arial, sans-serif;\">Durante o F\u00f3rum, o presidente F\u00e1bio L\u00facio <\/span><span style=\"font-family: Arial, sans-serif;\">fez o lan\u00e7amento do Encontro Brasileiro de Administra\u00e7\u00e3o o (ENBRA) 2025, que acontecer\u00e1 no m\u00eas de junho em Bel\u00e9m do Par\u00e1. Na ocasi\u00e3o, exibiu um v\u00eddeo divulgando o evento, ilustrado com bel\u00edssimas imagens da nossa capital e depoimentos de diretores do CFA, refor\u00e7ando o convite. A apresenta\u00e7\u00e3o foi bastante elogiada, criando uma atmosfera de grande expectativa para a realiza\u00e7\u00e3o do maior evento de Administra\u00e7\u00e3o do Brasil, no ano em que Bel\u00e9m se prepara para a realiza\u00e7\u00e3o da COP30.<\/span><\/span><\/p>\n<p class=\"western\" style=\"text-align: justify;\"><strong><span style=\"color: #000000; font-size: 12pt;\"><span style=\"font-family: Arial, sans-serif;\">XVIII F\u00f3rum Internacional de Administra\u00e7\u00e3o (FIA)<\/span><\/span><\/strong><\/p>\n<p class=\"western\" style=\"text-align: justify;\"><span style=\"color: #000000; font-size: 12pt;\"><span style=\"font-family: Arial, sans-serif;\">Al\u00e9m do encontro dos presidentes, houve, \u00e0 noite, a abertura do XVIII F\u00f3rum Internacional de Administra\u00e7\u00e3o, que est\u00e1 acontecendo nos dias 4, 5 e 6 de dezembro de 2024 no Hotel Master em Gramado\/RS.<\/span><\/span><\/p>\n<p class=\"western\" style=\"text-align: justify;\" align=\"justify\"><span style=\"color: #000000; font-size: 12pt;\"><span style=\"font-family: Arial, sans-serif;\">Com o tema central \u201cO Estado da Arte da Administra\u00e7\u00e3o\u201d, o XVIII F\u00f3rum Internacional de Administra\u00e7\u00e3o promover\u00e1 debates, palestras e pain\u00e9is com renomados nomes da Administra\u00e7\u00e3o do Brasil e do mundo, assim como a apresenta\u00e7\u00e3o de trabalhos cient\u00edficos. <\/span><span style=\"font-family: Arial, sans-serif;\">No FIA, a equipe do CRA-PA conta com a participa\u00e7\u00e3o dos conselheiros regionais Adm\u00aa Delma Lopes de Oliveira (vice-presidente), Adm. Hermes Feitosa (diretor administrativo e financeiro) e Adm. Vera Fidalgo, al\u00e9m do conselheiro federal pelo Par\u00e1, Adm. Mauro Le\u00f4nidas.<\/span><\/span><\/p>\n<p class=\"western\" style=\"text-align: justify;\" align=\"justify\"><span style=\"color: #000000; font-size: 12pt;\"><span style=\"font-family: Arial, sans-serif;\">O \u201cPainel &#8211; Gest\u00e3o P\u00fablica\u201d abriu o segundo dia do XVIII FIA, na manh\u00e3 desta quinta-feira, 05\/12, m<\/span><span style=\"font-family: Arial, sans-serif;\">ediado pelo diretor de Comunica\u00e7\u00e3o e Marketing do CFA, Adm. Mauro Le\u00f4nidas. <\/span><span style=\"font-family: Arial, sans-serif;\">No per\u00edodo da tarde, o presidente F\u00e1bio L\u00facio participou como moderador do Painel \u2013 Empreendedorismo, que teve como palestrante o presidente do Grupo Besouro, Adm. Vinicius Mendes Lima. Na oportunidade, parabenizou o palestrante pelo assunto, complementando o painel com dados sobre a renda movimentada por empreendedores de pequenos e microneg\u00f3cios.<br \/>\n<\/span><\/span><\/p>\n<p class=\"western\" style=\"text-align: justify;\" align=\"justify\"><span style=\"color: #000000; font-size: 12pt;\"><span style=\"font-family: Arial, sans-serif;\">O evento conta com a participa\u00e7\u00e3o de profissionais de todo<\/span><span style=\"font-family: Arial, sans-serif;\"> o territ\u00f3rio nacional, como as das registradas no Conselho, Adm. Itana Teixeira e Adm. Noeme Sousa, da cidade de Parauapebas, no estado do Par\u00e1, que est\u00e3o prestigiando o F\u00f3rum.<\/span><\/span><\/p>\n<p class=\"western\" style=\"text-align: justify;\"><span style=\"font-family: Arial, sans-serif; color: #000000; font-size: 12pt;\">A participa\u00e7\u00e3o do CRA-PA nos eventos refor\u00e7a sua posi\u00e7\u00e3o de destaque no cen\u00e1rio da administra\u00e7\u00e3o brasileira, consolidando-se como um agente transformador e comprometido com o desenvolvimento da profiss\u00e3o.<\/span><\/p>\n<p><img decoding=\"async\" class=\"alignnone size-full wp-image-68629\" src=\"https:\/\/crapa.org.br\/wp-content\/uploads\/2024\/12\/FIA.jpg\" alt=\"\" width=\"789\" height=\"657\" srcset=\"https:\/\/crapa.org.br\/wp-content\/uploads\/2024\/12\/FIA-300x250.jpg 300w, https:\/\/crapa.org.br\/wp-content\/uploads\/2024\/12\/FIA-768x640.jpg 768w, https:\/\/crapa.org.br\/wp-content\/uploads\/2024\/12\/FIA.jpg 789w\" sizes=\"(max-width: 789px) 100vw, 789px\" \/><\/p>\n<p><img decoding=\"async\" class=\"alignnone size-full wp-image-68630\" src=\"https:\/\/crapa.org.br\/wp-content\/uploads\/2024\/12\/Apresentacao-ENBRA.jpg\" alt=\"\" width=\"1280\" height=\"960\" srcset=\"https:\/\/crapa.org.br\/wp-content\/uploads\/2024\/12\/Apresentacao-ENBRA-300x225.jpg 300w, https:\/\/crapa.org.br\/wp-content\/uploads\/2024\/12\/Apresentacao-ENBRA-768x576.jpg 768w, https:\/\/crapa.org.br\/wp-content\/uploads\/2024\/12\/Apresentacao-ENBRA-1024x768.jpg 1024w, https:\/\/crapa.org.br\/wp-content\/uploads\/2024\/12\/Apresentacao-ENBRA.jpg 1280w\" sizes=\"(max-width: 1280px) 100vw, 1280px\" \/><\/p>\n<p><img decoding=\"async\" class=\"alignnone size-full wp-image-68631\" src=\"https:\/\/crapa.org.br\/wp-content\/uploads\/2024\/12\/Profissionais-de-Parauapebas.jpg\" alt=\"\" width=\"1600\" height=\"1200\" srcset=\"https:\/\/crapa.org.br\/wp-content\/uploads\/2024\/12\/Profissionais-de-Parauapebas-300x225.jpg 300w, https:\/\/crapa.org.br\/wp-content\/uploads\/2024\/12\/Profissionais-de-Parauapebas-768x576.jpg 768w, https:\/\/crapa.org.br\/wp-content\/uploads\/2024\/12\/Profissionais-de-Parauapebas-1024x768.jpg 1024w, https:\/\/crapa.org.br\/wp-content\/uploads\/2024\/12\/Profissionais-de-Parauapebas-1536x1152.jpg 1536w, https:\/\/crapa.org.br\/wp-content\/uploads\/2024\/12\/Profissionais-de-Parauapebas.jpg 1600w\" sizes=\"(max-width: 1600px) 100vw, 1600px\" \/><\/p>\n<p><img decoding=\"async\" class=\"alignnone size-full wp-image-68636\" src=\"https:\/\/crapa.org.br\/wp-content\/uploads\/2024\/12\/painel.jpg\" alt=\"\" width=\"1200\" height=\"1262\" srcset=\"https:\/\/crapa.org.br\/wp-content\/uploads\/2024\/12\/painel-285x300.jpg 285w, https:\/\/crapa.org.br\/wp-content\/uploads\/2024\/12\/painel-768x808.jpg 768w, https:\/\/crapa.org.br\/wp-content\/uploads\/2024\/12\/painel-974x1024.jpg 974w, https:\/\/crapa.org.br\/wp-content\/uploads\/2024\/12\/painel.jpg 1200w\" sizes=\"(max-width: 1200px) 100vw, 1200px\" \/><\/p>\n<p>&nbsp;<\/p>\n<p>&nbsp;<\/p>\n","protected":false},"excerpt":{"rendered":"<p>Nesta quarta-feira 4, o Presidente do Conselho Regional de Administra\u00e7\u00e3o do Par\u00e1, Adm. F\u00e1bio L\u00facio Costa, participou do 5\u00ba F\u00f3rum de Presidentes do Sistema CFA\/CRAs, realizado em Gramado, Rio Grande [&hellip;]<\/p>\n","protected":false},"author":31,"featured_media":68628,"comment_status":"closed","ping_status":"closed","sticky":false,"template":"","format":"standard","meta":{"footnotes":"","_links_to":"","_links_to_target":""},"categories":[309],"tags":[],"class_list":["post-68627","post","type-post","status-publish","format-standard","has-post-thumbnail","hentry","category-ultimas-noticias","entry","has-media"],"_links":{"self":[{"href":"https:\/\/crapa.org.br\/index.php?rest_route=\/wp\/v2\/posts\/68627","targetHints":{"allow":["GET"]}}],"collection":[{"href":"https:\/\/crapa.org.br\/index.php?rest_route=\/wp\/v2\/posts"}],"about":[{"href":"https:\/\/crapa.org.br\/index.php?rest_route=\/wp\/v2\/types\/post"}],"author":[{"embeddable":true,"href":"https:\/\/crapa.org.br\/index.php?rest_route=\/wp\/v2\/users\/31"}],"replies":[{"embeddable":true,"href":"https:\/\/crapa.org.br\/index.php?rest_route=%2Fwp%2Fv2%2Fcomments&post=68627"}],"version-history":[{"count":0,"href":"https:\/\/crapa.org.br\/index.php?rest_route=\/wp\/v2\/posts\/68627\/revisions"}],"wp:featuredmedia":[{"embeddable":true,"href":"https:\/\/crapa.org.br\/index.php?rest_route=\/wp\/v2\/media\/68628"}],"wp:attachment":[{"href":"https:\/\/crapa.org.br\/index.php?rest_route=%2Fwp%2Fv2%2Fmedia&parent=68627"}],"wp:term":[{"taxonomy":"category","embeddable":true,"href":"https:\/\/crapa.org.br\/index.php?rest_route=%2Fwp%2Fv2%2Fcategories&post=68627"},{"taxonomy":"post_tag","embeddable":true,"href":"https:\/\/crapa.org.br\/index.php?rest_route=%2Fwp%2Fv2%2Ftags&post=68627"}],"curies":[{"name":"wp","href":"https:\/\/api.w.org\/{rel}","templated":true}]}}