{"id":68650,"date":"2024-12-17T14:09:11","date_gmt":"2024-12-17T17:09:11","guid":{"rendered":"https:\/\/crapa.org.br\/?p=68650"},"modified":"2024-12-17T14:11:34","modified_gmt":"2024-12-17T17:11:34","slug":"cra-pa-participa-de-campanha-e-doa-frascos-de-vidros-para-o-hospital-santa-casa-do-para","status":"publish","type":"post","link":"https:\/\/crapa.org.br\/?p=68650","title":{"rendered":"CRA-PA participa de campanha e doa frascos de vidros para o Hospital Santa Casa do Par\u00e1"},"content":{"rendered":"<p style=\"text-align: justify;\"><span style=\"font-family: arial, helvetica, sans-serif; color: #000000;\">Nesta segunda-feira (16), a Comiss\u00e3o ADM Mulher do Conselho Regional de Administra\u00e7\u00e3o do Par\u00e1, doou 181 frascos de vidros para armazenamento de leite humano no Hospital Santa Casa de Miseric\u00f3rdia do Par\u00e1, que beneficiar\u00e1 140 rec\u00e9m nascidos internados, entre eles clinicamente inst\u00e1veis, graves e grav\u00edssimos, na unidade neonatal.\u00a0<\/span><\/p>\n<p style=\"text-align: justify;\"><span style=\"font-family: arial, helvetica, sans-serif; color: #000000;\">J\u00e1 \u00e9 a segunda vez que o CRA-PA participa da a\u00e7\u00e3o, na qual foi firmado este compromisso com o hospital, que conta tamb\u00e9m com a participa\u00e7\u00e3o das institui\u00e7\u00f5es de ensino.<\/span><\/p>\n<p style=\"text-align: justify;\"><span style=\"font-family: arial, helvetica, sans-serif; color: #000000;\">\u201cFizemos essa parceria com a Santa Casa para fazer essa coleta dos frascos para o armazenamento do leite humano. Tivemos a ideia de convidar as IES (institui\u00e7\u00f5es de ensino) para colaborar com a gente, os alunos se envolveram tamb\u00e9m e conseguimos essa quantidade. Enquanto Comiss\u00e3o da ADM Mulher, estar ajudando essas m\u00e3es, principalmente agora, \u00e9 mostrar o amor que a gente sente pelas pessoas. Fazer o bem. Essa parceria vai se tornar permanente\u201d, ressaltou a vice-presidente do CRA-PA e coordenadora da Comiss\u00e3o, a Adm\u00aa. Delma Lopes, que foi acompanhada pela conselheira e secret\u00e1ria da Comiss\u00e3o, a Adm\u00aa. Vera Fidalgo.<\/span><\/p>\n<p style=\"text-align: justify;\"><span style=\"font-family: arial, helvetica, sans-serif; color: #000000;\">Cada frasco \u00e9 esterilizado e rotulado para compor o kit de doa\u00e7\u00e3o, juntamente com touca de cabelo e m\u00e1scara, sendo entregue em domic\u00edlio pelos bombeiros \u00e0s doadoras de leite humano. Os vidros tamb\u00e9m s\u00e3o utilizados na sala de apoio da amamenta\u00e7\u00e3o da Santa Casa para a retirada de leite pelas pr\u00f3prias m\u00e3es de beb\u00eas internados ou fazendo exames no hospital. \u00c9 o caso da m\u00e3e, Ant\u00f4nia Samara, que \u00e9 de Santa Izabel, interior do estado, que levou o filho na companhia do pai para fazer exames e aproveitou para doar o seu leite.<\/span><\/p>\n<p style=\"text-align: justify;\"><span style=\"font-family: arial, helvetica, sans-serif; color: #000000;\">\u201c\u00c9 algo importante ajudar, eu j\u00e1 passei por isso. Com a minha primeira filha, eu n\u00e3o tinha leite e n\u00e3o tinha para doar, ela passava fome. Agora eu tenho bastante leite e posso ajudar outras crian\u00e7as, porque a m\u00e3e fica preocupada se o filho est\u00e1 sendo alimentado. Ent\u00e3o dou maior apoio\u201d, disse a m\u00e3e emocionada.<\/span><\/p>\n<p style=\"text-align: justify;\"><span style=\"font-family: arial, helvetica, sans-serif; color: #000000;\">Depois que o frasco \u00e9 usado, ele \u00e9 higienizado e preparado para um novo processo de coleta. Mas como s\u00e3o submetidos a altas temperaturas, muitos ficam danificados, por isso \u00e9 preciso repor constantemente esse material.<\/span><\/p>\n<p style=\"text-align: justify;\"><span style=\"font-family: arial, helvetica, sans-serif; color: #000000;\">De acordo com a respons\u00e1vel t\u00e9cnica do Banco de Leite Humano da Santa Casa, Vanda Marv\u00e3o, 200 frascos por dia saem para rota na busca de leite humano das doadoras. Por\u00e9m, neste per\u00edodo de fim de ano, cai bastante a doa\u00e7\u00e3o devido \u00e0s f\u00e9rias e festividades.<\/span><\/p>\n<p style=\"text-align: justify;\"><span style=\"font-family: arial, helvetica, sans-serif; color: #000000;\">\u201cComo neste per\u00edodo temos pouco leite, a distribui\u00e7\u00e3o entre os rec\u00e9m nascidos varia de acordo com as condi\u00e7\u00f5es dessas crian\u00e7as, mas todos eles precisam desse leite. Infelizmente temos que selecionar, quanto mais grave o beb\u00ea e quanto menor, mais prematuro, maior a necessidade de doa\u00e7\u00e3o. Mas todos eles precisam. Por\u00e9m, com o estoque baixo, precisamos trocar pela f\u00f3rmula\u201d, disse.<\/span><\/p>\n<p style=\"text-align: justify;\"><span style=\"font-family: arial, helvetica, sans-serif; color: #000000;\">A pessoa que quer fazer parte deste trabalho solid\u00e1rio, de ser um doador, seja de frasco (que s\u00e3o aqueles potes de caf\u00e9 sol\u00favel de vidro com tampa pl\u00e1stica e rosque\u00e1vel) ou doadora de leite materno, pode entrar em contato com a Santa Casa ou se cadastrar no site dos bombeiros. \u201cTemos necessidade de divulgar bastante a doa\u00e7\u00e3o de leite, de captar mais doadores\u201d, pontuou a Dra Vanda Marv\u00e3o.<\/span><\/p>\n<p style=\"text-align: justify;\"><span style=\"font-family: arial, helvetica, sans-serif; color: #000000;\">Esta a\u00e7\u00e3o foi um trabalho em conjunto com a Comiss\u00e3o ADM Mulher, que tem tamb\u00e9m como integrantes as profissionais de Administra\u00e7\u00e3o Nildes Thomaz (vice-coordenadora da Comiss\u00e3o), Danielle Corr\u00eaa, Suely Margalho e Let\u00edcia Pinheiro.<\/span><\/p>\n<p>Por: Andr\u00e9a Ferreira (Ascom-CRA-PA)<\/p>\n","protected":false},"excerpt":{"rendered":"<p>Nesta segunda-feira (16), a Comiss\u00e3o ADM Mulher do Conselho Regional de Administra\u00e7\u00e3o do Par\u00e1, doou 181 frascos de vidros para armazenamento de leite humano no Hospital Santa Casa de Miseric\u00f3rdia [&hellip;]<\/p>\n","protected":false},"author":31,"featured_media":68651,"comment_status":"closed","ping_status":"closed","sticky":false,"template":"","format":"standard","meta":{"footnotes":"","_links_to":"","_links_to_target":""},"categories":[309],"tags":[],"class_list":["post-68650","post","type-post","status-publish","format-standard","has-post-thumbnail","hentry","category-ultimas-noticias","entry","has-media"],"_links":{"self":[{"href":"https:\/\/crapa.org.br\/index.php?rest_route=\/wp\/v2\/posts\/68650","targetHints":{"allow":["GET"]}}],"collection":[{"href":"https:\/\/crapa.org.br\/index.php?rest_route=\/wp\/v2\/posts"}],"about":[{"href":"https:\/\/crapa.org.br\/index.php?rest_route=\/wp\/v2\/types\/post"}],"author":[{"embeddable":true,"href":"https:\/\/crapa.org.br\/index.php?rest_route=\/wp\/v2\/users\/31"}],"replies":[{"embeddable":true,"href":"https:\/\/crapa.org.br\/index.php?rest_route=%2Fwp%2Fv2%2Fcomments&post=68650"}],"version-history":[{"count":0,"href":"https:\/\/crapa.org.br\/index.php?rest_route=\/wp\/v2\/posts\/68650\/revisions"}],"wp:featuredmedia":[{"embeddable":true,"href":"https:\/\/crapa.org.br\/index.php?rest_route=\/wp\/v2\/media\/68651"}],"wp:attachment":[{"href":"https:\/\/crapa.org.br\/index.php?rest_route=%2Fwp%2Fv2%2Fmedia&parent=68650"}],"wp:term":[{"taxonomy":"category","embeddable":true,"href":"https:\/\/crapa.org.br\/index.php?rest_route=%2Fwp%2Fv2%2Fcategories&post=68650"},{"taxonomy":"post_tag","embeddable":true,"href":"https:\/\/crapa.org.br\/index.php?rest_route=%2Fwp%2Fv2%2Ftags&post=68650"}],"curies":[{"name":"wp","href":"https:\/\/api.w.org\/{rel}","templated":true}]}}