{"id":68660,"date":"2024-12-18T01:16:06","date_gmt":"2024-12-18T04:16:06","guid":{"rendered":"https:\/\/crapa.org.br\/?p=68660"},"modified":"2024-12-19T01:18:28","modified_gmt":"2024-12-19T04:18:28","slug":"equipe-do-cra-pa-marca-presenca-no-2-encontro-nacional-de-fiscais-enaf-2024","status":"publish","type":"post","link":"https:\/\/crapa.org.br\/?p=68660","title":{"rendered":"Equipe do CRA-PA marca presen\u00e7a no 2\u00b0 Encontro Nacional de Fiscais &#8211; ENAF 2024"},"content":{"rendered":"<p style=\"text-align: justify;\"><span style=\"font-family: arial, helvetica, sans-serif; color: #000000;\">O Conselho Regional de Administra\u00e7\u00e3o do Par\u00e1 participou ativamente do 2\u00b0 Encontro Nacional de Fiscais do Sistema CFA\/CRAs &#8211; ENAF 2024, que aconteceu nos dias 16 e 17 de dezembro, em Bras\u00edlia, realizado pelo Conselho Federal de Administra\u00e7\u00e3o (CFA) atrav\u00e9s da C\u00e2mara de Fiscaliza\u00e7\u00e3o e Registro.<\/span><\/p>\n<p style=\"text-align: justify;\"><span style=\"font-family: arial, helvetica, sans-serif; color: #000000;\">A equipe do CRA-PA foi representada pelo diretor de Fiscaliza\u00e7\u00e3o e Registro, Adm. Cl\u00e1udio Bittencourt Jr, assim como, pelas fiscais Adm. Elizangela Santos e a Adm. Rita Gon\u00e7alves.<\/span><\/p>\n<p style=\"text-align: justify;\"><span style=\"font-family: arial, helvetica, sans-serif; color: #000000;\">Durante o encontro, o Adm. Cl\u00e1udio Bittencourt apresentou os resultados das atividades de fiscaliza\u00e7\u00e3o do CRA-PA de 2024. Em dois dias de ENAF, os fiscais do Sistema CFA\/CRAs tiveram como pauta o combate do exerc\u00edcio ilegal da profiss\u00e3o. O presidente do CRA-PA, Adm. F\u00e1bio L\u00facio Costa, se fez presente no \u00faltimo dia do evento em fun\u00e7\u00e3o da sua estadia em Bras\u00edlia para compromisso junto ao CFA.<\/span><\/p>\n<p style=\"text-align: justify;\"><span style=\"font-family: arial, helvetica, sans-serif; color: #000000;\">Segundo o presidente F\u00e1bio L\u00facio, o evento pelo seu formato presencial, possibilitou o relacionamento interpessoal e a sinergia entre os participantes, possibilitando uma maior troca de informa\u00e7\u00f5es e experi\u00eancias em prol do Sistema CFA\/CRAs.<\/span><\/p>\n<p style=\"text-align: justify;\"><span style=\"font-family: arial, helvetica, sans-serif; color: #000000;\">De acordo com o diretor Cl\u00e1udio Bittencourt, as entregas realizadas e em andamento pelo CFA, como a Ferramenta Prospecta Fisc, enriqueceram os debates entre os colegas, que \u00e9 necess\u00e1ria esta troca de experi\u00eancia para otimizar e aprimorar as nossas a\u00e7\u00f5es&#8221;, disse.<\/span><\/p>\n<p style=\"text-align: justify;\"><span style=\"font-family: arial, helvetica, sans-serif; color: #000000;\">O objetivo principal foi mostrar os resultados dos Planos de Fiscaliza\u00e7\u00e3o apresentados pelos CRA&#8217;s no 1\u00b0 ENAF, que aconteceu em mar\u00e7o de 2024, al\u00e9m de apresentar o Plano de Fiscaliza\u00e7\u00e3o de 2025.<\/span><\/p>\n<p><img decoding=\"async\" class=\"alignnone wp-image-68664 size-full\" src=\"https:\/\/crapa.org.br\/wp-content\/uploads\/2024\/12\/V0A0647-e1734581735977.jpg\" alt=\"\" width=\"800\" height=\"533\" \/><\/p>\n<p>&nbsp;<\/p>\n<p>&nbsp;<\/p>\n<p><img decoding=\"async\" class=\"alignnone size-full wp-image-68665\" src=\"https:\/\/crapa.org.br\/wp-content\/uploads\/2024\/12\/enaf1.jpg\" alt=\"\" width=\"800\" height=\"334\" srcset=\"https:\/\/crapa.org.br\/wp-content\/uploads\/2024\/12\/enaf1-300x125.jpg 300w, https:\/\/crapa.org.br\/wp-content\/uploads\/2024\/12\/enaf1-768x321.jpg 768w, https:\/\/crapa.org.br\/wp-content\/uploads\/2024\/12\/enaf1.jpg 800w\" sizes=\"(max-width: 800px) 100vw, 800px\" \/><\/p>\n<p><em><span style=\"font-family: arial, helvetica, sans-serif;\">Assessoria de Comunica\u00e7\u00e3o do CRA-PA<\/span><\/em><\/p>\n","protected":false},"excerpt":{"rendered":"<p>O Conselho Regional de Administra\u00e7\u00e3o do Par\u00e1 participou ativamente do 2\u00b0 Encontro Nacional de Fiscais do Sistema CFA\/CRAs &#8211; ENAF 2024, que aconteceu nos dias 16 e 17 de dezembro, [&hellip;]<\/p>\n","protected":false},"author":31,"featured_media":68661,"comment_status":"closed","ping_status":"closed","sticky":false,"template":"","format":"standard","meta":{"footnotes":"","_links_to":"","_links_to_target":""},"categories":[309],"tags":[],"class_list":["post-68660","post","type-post","status-publish","format-standard","has-post-thumbnail","hentry","category-ultimas-noticias","entry","has-media"],"_links":{"self":[{"href":"https:\/\/crapa.org.br\/index.php?rest_route=\/wp\/v2\/posts\/68660","targetHints":{"allow":["GET"]}}],"collection":[{"href":"https:\/\/crapa.org.br\/index.php?rest_route=\/wp\/v2\/posts"}],"about":[{"href":"https:\/\/crapa.org.br\/index.php?rest_route=\/wp\/v2\/types\/post"}],"author":[{"embeddable":true,"href":"https:\/\/crapa.org.br\/index.php?rest_route=\/wp\/v2\/users\/31"}],"replies":[{"embeddable":true,"href":"https:\/\/crapa.org.br\/index.php?rest_route=%2Fwp%2Fv2%2Fcomments&post=68660"}],"version-history":[{"count":0,"href":"https:\/\/crapa.org.br\/index.php?rest_route=\/wp\/v2\/posts\/68660\/revisions"}],"wp:featuredmedia":[{"embeddable":true,"href":"https:\/\/crapa.org.br\/index.php?rest_route=\/wp\/v2\/media\/68661"}],"wp:attachment":[{"href":"https:\/\/crapa.org.br\/index.php?rest_route=%2Fwp%2Fv2%2Fmedia&parent=68660"}],"wp:term":[{"taxonomy":"category","embeddable":true,"href":"https:\/\/crapa.org.br\/index.php?rest_route=%2Fwp%2Fv2%2Fcategories&post=68660"},{"taxonomy":"post_tag","embeddable":true,"href":"https:\/\/crapa.org.br\/index.php?rest_route=%2Fwp%2Fv2%2Ftags&post=68660"}],"curies":[{"name":"wp","href":"https:\/\/api.w.org\/{rel}","templated":true}]}}