{"id":68694,"date":"2025-01-09T17:23:08","date_gmt":"2025-01-09T20:23:08","guid":{"rendered":"https:\/\/crapa.org.br\/?p=68694"},"modified":"2025-02-08T09:54:13","modified_gmt":"2025-02-08T12:54:13","slug":"2025-jubileu-de-diamante-60-anos-de-administracao-profissional-no-brasil","status":"publish","type":"post","link":"https:\/\/crapa.org.br\/?p=68694","title":{"rendered":"2025: Jubileu de diamante. 60 anos de Administra\u00e7\u00e3o profissional no Brasil."},"content":{"rendered":"<p style=\"text-align: justify;\"><span style=\"font-family: arial, helvetica, sans-serif; color: #000000;\"><b>60 anos da regulamenta\u00e7\u00e3o da Administra\u00e7\u00e3o profissional no Brasil.<\/b><\/span><\/p>\n<p style=\"text-align: justify;\"><span style=\"font-family: arial, helvetica, sans-serif; color: #000000;\">Em 2025, o Brasil celebrar\u00e1 um marco hist\u00f3rico para a Administra\u00e7\u00e3o: os 60 anos da regulamenta\u00e7\u00e3o da profiss\u00e3o no pa\u00eds. Essa data especial, conhecida como o Jubileu de Diamante da Administra\u00e7\u00e3o, \u00e9 muito mais do que um momento de celebra\u00e7\u00e3o. \u00c9 uma oportunidade \u00fanica de homenagear a trajet\u00f3ria de uma profiss\u00e3o que se consolidou como essencial para o desenvolvimento econ\u00f4mico, social e organizacional da nossa na\u00e7\u00e3o.<\/span><\/p>\n<p style=\"text-align: justify;\"><span style=\"font-family: arial, helvetica, sans-serif; color: #000000;\">Ao longo dessas seis d\u00e9cadas, a Administra\u00e7\u00e3o construiu uma hist\u00f3ria rica em conquistas, transformando desafios em aprendizados e oportunidades em resultados. Profissionais de todas as regi\u00f5es do pa\u00eds contribu\u00edram para que a gest\u00e3o eficiente e estrat\u00e9gica se tornasse um pilar de sucesso para empresas, governos e organiza\u00e7\u00f5es. Essa linda trajet\u00f3ria n\u00e3o apenas inspira como serve de refer\u00eancia para metas ainda mais ambiciosas no futuro.<\/span><\/p>\n<p style=\"text-align: justify;\"><span style=\"font-family: arial, helvetica, sans-serif; color: #000000;\">O Sistema CFA\/CRAs ser\u00e1 protagonista nessa comemora\u00e7\u00e3o hist\u00f3rica, organizando in\u00fameras a\u00e7\u00f5es que ir\u00e3o ressoar em todos os cantos do Brasil. O objetivo \u00e9 n\u00e3o apenas valorizar a profiss\u00e3o e os profissionais, mas tamb\u00e9m mostrar \u00e0 sociedade a relev\u00e2ncia e o impacto que a Administra\u00e7\u00e3o tem em suas vidas. Ser\u00e3o eventos, debates, campanhas e homenagens que destacar\u00e3o a import\u00e2ncia da profiss\u00e3o na constru\u00e7\u00e3o de um pa\u00eds mais eficiente e competitivo.<\/span><\/p>\n<p style=\"text-align: justify;\"><span style=\"font-family: arial, helvetica, sans-serif; color: #000000;\">O Jubileu de Diamante da Administra\u00e7\u00e3o \u00e9 um convite para olharmos para o passado com orgulho, celebrarmos o presente com entusiasmo e planejarmos o futuro com determina\u00e7\u00e3o. Juntos, construiremos mais cap\u00edtulos dessa hist\u00f3ria brilhante, reafirmando a Administra\u00e7\u00e3o como um agente transformador e indispens\u00e1vel para o progresso do Brasil.<\/span><\/p>\n<p style=\"text-align: justify;\"><span style=\"font-family: arial, helvetica, sans-serif; color: #000000;\"><b>Que venham mais 60 anos de sucesso e realiza\u00e7\u00f5es!<\/b><\/span><\/p>\n","protected":false},"excerpt":{"rendered":"<p>60 anos da regulamenta\u00e7\u00e3o da Administra\u00e7\u00e3o profissional no Brasil. Em 2025, o Brasil celebrar\u00e1 um marco hist\u00f3rico para a Administra\u00e7\u00e3o: os 60 anos da regulamenta\u00e7\u00e3o da profiss\u00e3o no pa\u00eds. Essa [&hellip;]<\/p>\n","protected":false},"author":31,"featured_media":68841,"comment_status":"closed","ping_status":"closed","sticky":false,"template":"","format":"standard","meta":{"footnotes":"","_links_to":"","_links_to_target":""},"categories":[309],"tags":[],"class_list":["post-68694","post","type-post","status-publish","format-standard","has-post-thumbnail","hentry","category-ultimas-noticias","entry","has-media"],"_links":{"self":[{"href":"https:\/\/crapa.org.br\/index.php?rest_route=\/wp\/v2\/posts\/68694","targetHints":{"allow":["GET"]}}],"collection":[{"href":"https:\/\/crapa.org.br\/index.php?rest_route=\/wp\/v2\/posts"}],"about":[{"href":"https:\/\/crapa.org.br\/index.php?rest_route=\/wp\/v2\/types\/post"}],"author":[{"embeddable":true,"href":"https:\/\/crapa.org.br\/index.php?rest_route=\/wp\/v2\/users\/31"}],"replies":[{"embeddable":true,"href":"https:\/\/crapa.org.br\/index.php?rest_route=%2Fwp%2Fv2%2Fcomments&post=68694"}],"version-history":[{"count":1,"href":"https:\/\/crapa.org.br\/index.php?rest_route=\/wp\/v2\/posts\/68694\/revisions"}],"predecessor-version":[{"id":68840,"href":"https:\/\/crapa.org.br\/index.php?rest_route=\/wp\/v2\/posts\/68694\/revisions\/68840"}],"wp:featuredmedia":[{"embeddable":true,"href":"https:\/\/crapa.org.br\/index.php?rest_route=\/wp\/v2\/media\/68841"}],"wp:attachment":[{"href":"https:\/\/crapa.org.br\/index.php?rest_route=%2Fwp%2Fv2%2Fmedia&parent=68694"}],"wp:term":[{"taxonomy":"category","embeddable":true,"href":"https:\/\/crapa.org.br\/index.php?rest_route=%2Fwp%2Fv2%2Fcategories&post=68694"},{"taxonomy":"post_tag","embeddable":true,"href":"https:\/\/crapa.org.br\/index.php?rest_route=%2Fwp%2Fv2%2Ftags&post=68694"}],"curies":[{"name":"wp","href":"https:\/\/api.w.org\/{rel}","templated":true}]}}