{"id":69134,"date":"2025-06-26T16:02:48","date_gmt":"2025-06-26T19:02:48","guid":{"rendered":"https:\/\/crapa.org.br\/?p=69134"},"modified":"2025-06-26T15:55:38","modified_gmt":"2025-06-26T18:55:38","slug":"unama-e-cra-pa-inauguram-sala-de-doutorado-em-administracao-em-solenidade-marcada-por-homenagens","status":"publish","type":"post","link":"https:\/\/crapa.org.br\/?p=69134","title":{"rendered":"Unama e CRA-PA inauguram sala de doutorado em Administra\u00e7\u00e3o em solenidade marcada por homenagens"},"content":{"rendered":"<p align=\"justify\"><span style=\"font-family: Arial, sans-serif; color: #000000;\">A Universidade da Amaz\u00f4nia (Unama) de Bel\u00e9m do Par\u00e1 realizou, na tarde desta quarta-feira, 25\/06, a inaugura\u00e7\u00e3o da Sala de Doutorado em Administra\u00e7\u00e3o. O evento, realizado em parceria com o Conselho Regional de Administra\u00e7\u00e3o do Par\u00e1 (CRA-PA), movimentou a comunidade acad\u00eamica e o Sistema CFA\/CRAs.<\/span><\/p>\n<p align=\"justify\"><span style=\"color: #000000;\"><span style=\"font-family: Arial, sans-serif;\">O presidente do Conselho Federal de Administra\u00e7\u00e3o (CFA), Adm. Leonardo Macedo, prestigiou a inaugura\u00e7\u00e3o. Segundo ele, \u00e9 o amor pela profiss\u00e3o que conduziu todos do Sistema CFA\/CRAs at\u00e9 aqui. \u201cE nada melhor do que estar aqui, no verdadeiro templo da administra\u00e7\u00e3o, que \u00e9 a Unama, esta institui\u00e7\u00e3o de ensino que tem excelentes cursos, do n\u00edvel t\u00e9cnico at\u00e9 o <\/span><em><span style=\"font-family: Arial, sans-serif;\">strictu sensu<\/span><\/em><span style=\"font-family: Arial, sans-serif;\">. Esta casa que \u00e9 amiga da ci\u00eancia da administra\u00e7\u00e3o\u201d, afirmou.<\/span><\/span><\/p>\n<p align=\"justify\"><span style=\"font-family: Arial, sans-serif; color: #000000;\">Quem tamb\u00e9m esteve presente no evento foi a presidente da Associa\u00e7\u00e3o Comercial do Par\u00e1, Elizabeth Grunvald. Na oportunidade, ela falou da import\u00e2ncia da Administra\u00e7\u00e3o, sobretudo para o setor produtivo. \u201cPortanto, essa profiss\u00e3o que, neste ano, completa 60 anos, deve sim ser celebrada, \u00e9 sim para ser estimulada. As minhas palavras s\u00e3o de alegria de estar aqui, mas sobretudo de agradecer a Unama por toda essa trajet\u00f3ria maravilhosa\u201d, disse.<\/span><\/p>\n<p align=\"justify\"><span style=\"font-family: Arial, sans-serif; color: #000000;\">Para a reitora da Unama, professora Bet\u00e2nia Fidalgo, a inaugura\u00e7\u00e3o da sala representa a import\u00e2ncia da forma\u00e7\u00e3o em Administra\u00e7\u00e3o. \u201cEm um mundo hoje t\u00e3o l\u00edquido, onde as informa\u00e7\u00f5es chegam na palma da m\u00e3o, elas se confundem com o conhecimento. Por isso, ter uma sala da Administra\u00e7\u00e3o na Unama, ao lado de tr\u00eas presidentes, \u00e9 de um simbolismo enorme, porque demonstra que a sociedade avan\u00e7a \u00e0 medida em que a educa\u00e7\u00e3o consegue chegar a pessoas que antes n\u00e3o tinham acesso a ela\u201d, destacou a docente.<\/span><\/p>\n<p align=\"justify\"><span style=\"color: #000000;\"><span style=\"font-family: Arial, sans-serif;\"><span style=\"font-size: medium;\">Bet\u00e2nia ressaltou, ainda, que a Administra\u00e7\u00e3o \u00e9 a \u201cmola propulsora do pa\u00eds\u201d e que a ci\u00eancia da Administra\u00e7\u00e3o est\u00e1 explodindo, indo para o mundo por meio das teses, disserta\u00e7\u00f5es e projetos de pesquisa. Em seguida, a reitora comentou que a institui\u00e7\u00e3o de ensino j\u00e1 diplomou mais de 100 mil profissionais, sendo cerca de 10 mil na \u00e1rea de Administra\u00e7\u00e3o, ao longo dos seus 50 anos de hist\u00f3ria.<\/span><\/span><\/span><\/p>\n<p align=\"justify\"><span style=\"color: #000000;\"><span style=\"font-family: Arial, sans-serif;\"><span style=\"font-size: medium;\">Um dos egressos da Unama e que faz parte dessas estat\u00edsticas \u00e9 o presidente do CRA-PA, Adm. F\u00e1bio L\u00facio. Em raz\u00e3o da sua trajet\u00f3ria na Unama, ele foi agraciado com a comenda Unama. Visivelmente surpreso, ele agradeceu a homenagem. \u201cEssa casa n\u00e3o me deu s\u00f3 o estudo, essa casa me deu muitas oportunidades. Eu sou pernambucano, mas vim morar no Par\u00e1 e aqui eu decidi fazer meu neg\u00f3cio. Foi a\u00ed que eu entrei na administra\u00e7\u00e3o, pois eu precisava tocar meu neg\u00f3cio\u201d, contou o presidente.<\/span><\/span><\/span><\/p>\n<p align=\"justify\"><span style=\"font-family: Arial, sans-serif; color: #000000;\"><span style=\"font-size: medium;\">Ao final da solenidade de inaugura\u00e7\u00e3o, F\u00e1bio L\u00facio entregou a medalha Jubileu de Diamante da Administra\u00e7\u00e3o para a reitora Bet\u00e2nia Fidalgo. Ela agradeceu o reconhecimento e ratificou o seu compromisso com o ensino da Administra\u00e7\u00e3o e as novas DCNs do curso de bacharelado em Administra\u00e7\u00e3o.\u00a0<\/span><\/span><\/p>\n<p align=\"justify\"><span style=\"font-family: Arial, sans-serif;\"><span style=\"color: #000000;\">Ao final, Leonardo Macedo foi presenteado com uma imagem de Nossa Senhora de Nazar\u00e9, t\u00edtulo dado a Virgem Maria com forte devo\u00e7\u00e3o em Bel\u00e9m do Par\u00e1.<\/span> <\/span><\/p>\n<p align=\"justify\"><img decoding=\"async\" class=\"alignnone wp-image-69136 size-large\" src=\"https:\/\/crapa.org.br\/wp-content\/uploads\/2025\/06\/Unamapresidente-1024x576.jpg\" alt=\"\" width=\"1024\" height=\"576\" srcset=\"https:\/\/crapa.org.br\/wp-content\/uploads\/2025\/06\/Unamapresidente-300x169.jpg 300w, https:\/\/crapa.org.br\/wp-content\/uploads\/2025\/06\/Unamapresidente-768x432.jpg 768w, https:\/\/crapa.org.br\/wp-content\/uploads\/2025\/06\/Unamapresidente-800x450.jpg 800w, https:\/\/crapa.org.br\/wp-content\/uploads\/2025\/06\/Unamapresidente-1024x576.jpg 1024w, https:\/\/crapa.org.br\/wp-content\/uploads\/2025\/06\/Unamapresidente.jpg 1280w\" sizes=\"(max-width: 1024px) 100vw, 1024px\" \/><\/p>\n<p align=\"justify\"><img decoding=\"async\" class=\"alignnone wp-image-69137 size-large\" src=\"https:\/\/crapa.org.br\/wp-content\/uploads\/2025\/06\/IMG_1972-1024x683.jpg\" alt=\"\" width=\"1024\" height=\"683\" srcset=\"https:\/\/crapa.org.br\/wp-content\/uploads\/2025\/06\/IMG_1972-300x200.jpg 300w, https:\/\/crapa.org.br\/wp-content\/uploads\/2025\/06\/IMG_1972-768x512.jpg 768w, https:\/\/crapa.org.br\/wp-content\/uploads\/2025\/06\/IMG_1972-1024x683.jpg 1024w, https:\/\/crapa.org.br\/wp-content\/uploads\/2025\/06\/IMG_1972.jpg 1080w\" sizes=\"(max-width: 1024px) 100vw, 1024px\" \/><\/p>\n","protected":false},"excerpt":{"rendered":"<p>A Universidade da Amaz\u00f4nia (Unama) de Bel\u00e9m do Par\u00e1 realizou, na tarde desta quarta-feira, 25\/06, a inaugura\u00e7\u00e3o da Sala de Doutorado em Administra\u00e7\u00e3o. O evento, realizado em parceria com o [&hellip;]<\/p>\n","protected":false},"author":31,"featured_media":69135,"comment_status":"closed","ping_status":"closed","sticky":false,"template":"","format":"standard","meta":{"footnotes":"","_links_to":"","_links_to_target":""},"categories":[309],"tags":[],"class_list":["post-69134","post","type-post","status-publish","format-standard","has-post-thumbnail","hentry","category-ultimas-noticias","entry","has-media"],"_links":{"self":[{"href":"https:\/\/crapa.org.br\/index.php?rest_route=\/wp\/v2\/posts\/69134","targetHints":{"allow":["GET"]}}],"collection":[{"href":"https:\/\/crapa.org.br\/index.php?rest_route=\/wp\/v2\/posts"}],"about":[{"href":"https:\/\/crapa.org.br\/index.php?rest_route=\/wp\/v2\/types\/post"}],"author":[{"embeddable":true,"href":"https:\/\/crapa.org.br\/index.php?rest_route=\/wp\/v2\/users\/31"}],"replies":[{"embeddable":true,"href":"https:\/\/crapa.org.br\/index.php?rest_route=%2Fwp%2Fv2%2Fcomments&post=69134"}],"version-history":[{"count":3,"href":"https:\/\/crapa.org.br\/index.php?rest_route=\/wp\/v2\/posts\/69134\/revisions"}],"predecessor-version":[{"id":69140,"href":"https:\/\/crapa.org.br\/index.php?rest_route=\/wp\/v2\/posts\/69134\/revisions\/69140"}],"wp:featuredmedia":[{"embeddable":true,"href":"https:\/\/crapa.org.br\/index.php?rest_route=\/wp\/v2\/media\/69135"}],"wp:attachment":[{"href":"https:\/\/crapa.org.br\/index.php?rest_route=%2Fwp%2Fv2%2Fmedia&parent=69134"}],"wp:term":[{"taxonomy":"category","embeddable":true,"href":"https:\/\/crapa.org.br\/index.php?rest_route=%2Fwp%2Fv2%2Fcategories&post=69134"},{"taxonomy":"post_tag","embeddable":true,"href":"https:\/\/crapa.org.br\/index.php?rest_route=%2Fwp%2Fv2%2Ftags&post=69134"}],"curies":[{"name":"wp","href":"https:\/\/api.w.org\/{rel}","templated":true}]}}