{"id":69181,"date":"2025-07-01T08:14:49","date_gmt":"2025-07-01T11:14:49","guid":{"rendered":"https:\/\/crapa.org.br\/?p=69181"},"modified":"2025-07-01T09:19:52","modified_gmt":"2025-07-01T12:19:52","slug":"no-momento-voce-esta-visualizando-alem-das-quatro-linhas-a-paixao-impulsiona-o-futebol-mas-a-gestao-e-o-que-faz-dele-sustentavel-destaca-painelista-alem-das-quatro-linhas","status":"publish","type":"post","link":"https:\/\/crapa.org.br\/?p=69181","title":{"rendered":"Al\u00e9m das quatro linhas: \u201cA paix\u00e3o impulsiona o futebol, mas a gest\u00e3o \u00e9 o que faz dele sustent\u00e1vel\u201d, destaca painelista"},"content":{"rendered":"<p><span style=\"color: #000000;\">A import\u00e2ncia do planejamento estrat\u00e9gico e da profissionaliza\u00e7\u00e3o na gest\u00e3o esportiva com sustentabilidade foi o tema da palestra, que aconteceu durante o XXIX Encontro Brasileiro de Administra\u00e7\u00e3o (Enbra). O evento, realizado em Bel\u00e9m do Par\u00e1, reuniu profissionais de Administra\u00e7\u00e3o, estudantes e professores para discutir a import\u00e2ncia da profiss\u00e3o para o desenvolvimento estrat\u00e9gico do pa\u00eds.<\/span><\/p>\n<p><span style=\"color: #000000;\">O painel contou com a participa\u00e7\u00e3o do atual presidente do Conselho Deliberativo da institui\u00e7\u00e3o do Clube do Remo, F\u00e1bio Bentes; do vice-presidente da CBF, Ricardo Gluck; e do conselheiro federal do CFA, Adm. Emir Silva.<\/span><\/p>\n<p><span style=\"color: #000000;\">Gluck falou que o planejamento estrat\u00e9gico em um clube de futebol j\u00e1 \u00e9, por si s\u00f3, muito desafiador devido as constantes press\u00f5es externas, principalmente das torcidas. Para ele, um dos maiores desafios foi o per\u00edodo da pandemia, pois o planejamento precisa ter uma proje\u00e7\u00e3o do futuro e, na \u00e9poca, ningu\u00e9m sabia quando as partidas de futebol poderiam voltar a acontecer.<\/span><\/p>\n<p><span style=\"color: #000000;\">Para F\u00e1bio, o que \u00e9 importante no planejamento? \u201cSaber onde voc\u00ea quer chegar no futebol, assim como na vida, obviamente em casa, mas a gente precisa saber onde a gente quer chegar\u201d, disse, refor\u00e7ando que futebol \u00e9 probabilidade, n\u00e3o estat\u00edstica.<\/span><\/p>\n<p><span style=\"color: #000000;\">Ele disse, ainda, que o \u201cplanejamento estrat\u00e9gico \u00e9 o nosso melhor jogador\u201d. \u201cO futebol tem espa\u00e7o para o azar, nunca para a m\u00e1 gest\u00e3o.\u00a0 A paix\u00e3o impulsiona o futebol, mas a gest\u00e3o \u00e9 o que faz dele sustent\u00e1vel\u201d, completou o gestor.<\/span><\/p>\n<p><span style=\"color: #000000;\">Durante o painel, os palestrantes destacaram que a gest\u00e3o esportiva vai muito al\u00e9m do campo. Segundo Cluck, \u201co futebol brasileiro s\u00f3 conseguir\u00e1 alcan\u00e7ar um novo patamar de excel\u00eancia se investir em governan\u00e7a, transpar\u00eancia e planejamento de longo prazo\u201d. Ele frisou que o cen\u00e1rio atual exige dirigentes capacitados e comprometidos com resultados n\u00e3o apenas esportivos, mas tamb\u00e9m institucionais e financeiros.<\/span><\/p>\n<p><span style=\"color: #000000;\">Emir, que tamb\u00e9m tem vasta experi\u00eancia na \u00e1rea de gest\u00e3o esportiva, fez coment\u00e1rios e alertou para a falta de profissionaliza\u00e7\u00e3o das diretorias dos clubes. Ele comentou, tamb\u00e9m, que a vida do atleta n\u00e3o \u00e9 muito f\u00e1cil e perguntou aos painelistas a opini\u00e3o deles sobre a SAF. \u201cA SAF \u00e9 uma tentativa de profissionalizar isso, n\u00e9?!\u201d, perguntou.<\/span><\/p>\n<p><span style=\"color: #000000;\">\u201cQuando se fala em SAF, as pessoas j\u00e1 pensam que vai vender o clube. Mas n\u00e3o \u00e9 isso. Se trata dessa profissionaliza\u00e7\u00e3o que voc\u00ea falou. E os clubes brasileiros vivem, hoje, um super endividamento. Mas a SAF \u00e9 um modelo que a gente precisa compreender melhor\u201d, comentou Glock.<\/span><\/p>\n<p><span style=\"color: #000000;\">O painel ressaltou ainda a necessidade de forma\u00e7\u00e3o cont\u00ednua para dirigentes esportivos e a import\u00e2ncia de integrar profissionais da \u00e1rea da Administra\u00e7\u00e3o nas estruturas dos clubes e federa\u00e7\u00f5es. Ambos os palestrantes concordaram que o futuro do esporte passa, obrigatoriamente, por uma gest\u00e3o mais t\u00e9cnica e estrat\u00e9gica.<\/span><\/p>\n<p><span style=\"color: #000000;\">Ana Graciele Gon\u00e7alves<\/span><br \/>\n<span style=\"color: #000000;\">Assessoria de Comunica\u00e7\u00e3o CFA<\/span><\/p>\n","protected":false},"excerpt":{"rendered":"<p>A import\u00e2ncia do planejamento estrat\u00e9gico e da profissionaliza\u00e7\u00e3o na gest\u00e3o esportiva com sustentabilidade foi o tema da palestra, que aconteceu durante o XXIX Encontro Brasileiro de Administra\u00e7\u00e3o (Enbra). O evento, [&hellip;]<\/p>\n","protected":false},"author":31,"featured_media":69182,"comment_status":"closed","ping_status":"closed","sticky":false,"template":"","format":"standard","meta":{"footnotes":"","_links_to":"","_links_to_target":""},"categories":[309],"tags":[],"class_list":["post-69181","post","type-post","status-publish","format-standard","has-post-thumbnail","hentry","category-ultimas-noticias","entry","has-media"],"_links":{"self":[{"href":"https:\/\/crapa.org.br\/index.php?rest_route=\/wp\/v2\/posts\/69181","targetHints":{"allow":["GET"]}}],"collection":[{"href":"https:\/\/crapa.org.br\/index.php?rest_route=\/wp\/v2\/posts"}],"about":[{"href":"https:\/\/crapa.org.br\/index.php?rest_route=\/wp\/v2\/types\/post"}],"author":[{"embeddable":true,"href":"https:\/\/crapa.org.br\/index.php?rest_route=\/wp\/v2\/users\/31"}],"replies":[{"embeddable":true,"href":"https:\/\/crapa.org.br\/index.php?rest_route=%2Fwp%2Fv2%2Fcomments&post=69181"}],"version-history":[{"count":5,"href":"https:\/\/crapa.org.br\/index.php?rest_route=\/wp\/v2\/posts\/69181\/revisions"}],"predecessor-version":[{"id":69187,"href":"https:\/\/crapa.org.br\/index.php?rest_route=\/wp\/v2\/posts\/69181\/revisions\/69187"}],"wp:featuredmedia":[{"embeddable":true,"href":"https:\/\/crapa.org.br\/index.php?rest_route=\/wp\/v2\/media\/69182"}],"wp:attachment":[{"href":"https:\/\/crapa.org.br\/index.php?rest_route=%2Fwp%2Fv2%2Fmedia&parent=69181"}],"wp:term":[{"taxonomy":"category","embeddable":true,"href":"https:\/\/crapa.org.br\/index.php?rest_route=%2Fwp%2Fv2%2Fcategories&post=69181"},{"taxonomy":"post_tag","embeddable":true,"href":"https:\/\/crapa.org.br\/index.php?rest_route=%2Fwp%2Fv2%2Ftags&post=69181"}],"curies":[{"name":"wp","href":"https:\/\/api.w.org\/{rel}","templated":true}]}}