{"id":69763,"date":"2026-04-07T19:26:53","date_gmt":"2026-04-07T22:26:53","guid":{"rendered":"https:\/\/crapa.org.br\/?p=69763"},"modified":"2026-04-07T19:26:53","modified_gmt":"2026-04-07T22:26:53","slug":"cfa-lanca-a-5a-edicao-da-agenda-e-ferramenta-de-gestao-municipal","status":"publish","type":"post","link":"https:\/\/crapa.org.br\/?p=69763","title":{"rendered":"CFA lan\u00e7a a 5\u00aa edi\u00e7\u00e3o da \u201cAgenda e Ferramenta de Gest\u00e3o Municipal\u201d"},"content":{"rendered":"<p><span style=\"color: #000000;\">O Conselho Federal de Administra\u00e7\u00e3o (CFA) lan\u00e7ou nesta semana a \u201cAgenda e Ferramenta de Gest\u00e3o Municipal\u201d. Em sua quinta edi\u00e7\u00e3o, a publica\u00e7\u00e3o foi realizada em parceria com o administrador Marcus Lucena e tem por objetivo orientar prefeitos e demais gestores p\u00fablicos a entender termos t\u00e9cnicos, legisla\u00e7\u00f5es e dispositivos legais comuns na gest\u00e3o p\u00fablica municipal.<\/span><\/p>\n<p><span style=\"color: #000000;\">Segundo o presidente do CFA, Leonardo Macedo, o guia orienta l\u00edderes do Executivo \u2014 em especial prefeitos, secret\u00e1rios, vereadores e profissionais da administra\u00e7\u00e3o que trabalham com gest\u00e3o p\u00fablica \u2014 sobre rotinas, compromissos e procedimentos di\u00e1rios de uma prefeitura. A publica\u00e7\u00e3o traz, ainda, informa\u00e7\u00f5es sobre legisla\u00e7\u00f5es necess\u00e1rias \u00e0 presta\u00e7\u00e3o de contas junto aos \u00f3rg\u00e3os de controle.<\/span><\/p>\n<p><span style=\"color: #000000;\">\u201cA atualiza\u00e7\u00e3o deste ano prova o zelo e o compromisso que temos em entregar \u00e0 sociedade e aos administradores e aos gestores um produto que ajuda na constru\u00e7\u00e3o de pol\u00edticas p\u00fablicas que respondam \u00e0s reais necessidades da popula\u00e7\u00e3o. Nosso intuito \u00e9 estimular o fortalecimento e a profissionaliza\u00e7\u00e3o da gest\u00e3o municipal\u201d, disse Macedo.<\/span><\/p>\n<p><span style=\"color: #000000;\">A publica\u00e7\u00e3o lista diferentes tipos de atividades, tais como licita\u00e7\u00f5es, conv\u00eanios e contratos, explica como elas funcionam e esclarece o funcionamento das regras da Lei da Transpar\u00eancia, eSocial, entre outros conte\u00fados. Um dos pontos altos \u00e9 a agenda com as datas em que precisam ser realizados procedimentos em todas as prefeituras do pa\u00eds (tarefas previstas em lei).<\/span><\/p>\n<p><span style=\"color: #000000;\">Outro destaque \u00e9 a explica\u00e7\u00e3o de como funciona o \u201c\u00cdndice CFA de Governan\u00e7a Municipal (IGM-CFA)\u201d. Ferramenta j\u00e1 conhecida por muitos gestores p\u00fablicos, ela compara dados de munic\u00edpios de todo o Brasil e avalia resultados de \u00e1reas como Sa\u00fade, Educa\u00e7\u00e3o, Seguran\u00e7a P\u00fablica e Transpar\u00eancia.<\/span><\/p>\n<p><span style=\"color: #000000;\">\u201cO IGM-CFA \u00e9 um dos produtos de excel\u00eancia criado pelo Conselho Federal de Administra\u00e7\u00e3o para nortear os trabalhos dos gestores p\u00fablicos brasileiros. Ao comparar dados de munic\u00edpios com realidades parecidas, eles podem verificar se a gest\u00e3o est\u00e1 sendo desenvolvida de forma satisfat\u00f3ria, tendo em vista que as regras s\u00e3o as mesmas para todos os mais de 5 mil munic\u00edpios brasileiros\u201d, explica o presidente do CFA.<\/span><\/p>\n<p><span style=\"color: #000000;\"><b>Marco<\/b><\/span><\/p>\n<p><span style=\"color: #000000;\">J\u00e1 o diretor da C\u00e2mara de Gest\u00e3o P\u00fablica do CFA, Emerson Arantes, considera que a publica\u00e7\u00e3o \u00e9 um marco para a gest\u00e3o municipal brasileira. Al\u00e9m de ajudar, sobretudo, agentes p\u00fablicos que est\u00e3o em seu primeiro mandato, tamb\u00e9m auxilia os gestores p\u00fablicos de carreira a consultarem de forma r\u00e1pida e pr\u00e1tica temas recorrentes nas fun\u00e7\u00f5es municipais.<\/span><\/p>\n<p><span style=\"color: #000000;\">\u201cEsta \u00e9 uma publica\u00e7\u00e3o que ajuda os gestores municipais no planejamento di\u00e1rio e anual, tendo em vista a quantidade de informa\u00e7\u00f5es \u00fateis e a maneira como foi criada. A ideia \u00e9 que ela seja um guia de gest\u00e3o que possibilite aferir se cada atividade est\u00e1 sendo realizada na devida data, al\u00e9m de elucidar termos t\u00e9cnicos da administra\u00e7\u00e3o p\u00fablica\u201d, ressalta Arantes.<\/span><\/p>\n<p><span style=\"color: #000000;\"><b>Concep\u00e7\u00e3o<\/b><\/span><\/p>\n<p><span style=\"color: #000000;\">J\u00e1 o administrador acreano Marcus Lucena, um dos autores da agenda, destaca que, com o passar dos anos e ap\u00f3s o t\u00e9rmino dos mandatos, muitos agentes p\u00fablicos passam a ter problemas junto aos \u00f3rg\u00e3os de controle, em rela\u00e7\u00e3o \u00e0s fun\u00e7\u00f5es e responsabilidades administrativas. Com isso, podem vir a perder seus direitos p\u00fablicos e pol\u00edticos, tornando-se ineleg\u00edveis, com indisponibilidade de seus bens e at\u00e9 mesmo com restri\u00e7\u00f5es em seus CPFs.<\/span><\/p>\n<p><span style=\"color: #000000;\">\u201cA cada ano, os \u00f3rg\u00e3os de fiscaliza\u00e7\u00e3o t\u00eam enrijecido o controle para garantir o cumprimento das leis vigentes. Essas dificuldades em cumprir os prazos de acompanhamento, proposi\u00e7\u00e3o, execu\u00e7\u00e3o, presta\u00e7\u00e3o de contas e muitas outras atividades motivaram a cria\u00e7\u00e3o da Agenda e Ferramenta de Gest\u00e3o Municipal\u201d, resumiu.<\/span><\/p>\n<p><span style=\"color: #000000;\">Clique<span style=\"color: #003366;\">, <a style=\"color: #003366;\" href=\"https:\/\/cfa.org.br\/wp-content\/uploads\/2026\/03\/GuiaGestaoMunicipal26.pdf\"><strong>aqui<\/strong><\/a>,<\/span>\u00a0e tenha acesso \u00e0 publica\u00e7\u00e3o.<\/span><\/p>\n<p><span style=\"color: #000000;\">Leon Santos<\/span><\/p>\n<p><span style=\"color: #000000;\">Assessoria de Comunica\u00e7\u00e3o do CFA<\/span><\/p>\n","protected":false},"excerpt":{"rendered":"<p>O Conselho Federal de Administra\u00e7\u00e3o (CFA) lan\u00e7ou nesta semana a \u201cAgenda e Ferramenta de Gest\u00e3o Municipal\u201d. Em sua quinta edi\u00e7\u00e3o, a publica\u00e7\u00e3o foi realizada em parceria com o administrador Marcus [&hellip;]<\/p>\n","protected":false},"author":31,"featured_media":69764,"comment_status":"closed","ping_status":"closed","sticky":false,"template":"","format":"standard","meta":{"footnotes":"","_links_to":"","_links_to_target":""},"categories":[309],"tags":[],"class_list":["post-69763","post","type-post","status-publish","format-standard","has-post-thumbnail","hentry","category-ultimas-noticias","entry","has-media"],"_links":{"self":[{"href":"https:\/\/crapa.org.br\/index.php?rest_route=\/wp\/v2\/posts\/69763","targetHints":{"allow":["GET"]}}],"collection":[{"href":"https:\/\/crapa.org.br\/index.php?rest_route=\/wp\/v2\/posts"}],"about":[{"href":"https:\/\/crapa.org.br\/index.php?rest_route=\/wp\/v2\/types\/post"}],"author":[{"embeddable":true,"href":"https:\/\/crapa.org.br\/index.php?rest_route=\/wp\/v2\/users\/31"}],"replies":[{"embeddable":true,"href":"https:\/\/crapa.org.br\/index.php?rest_route=%2Fwp%2Fv2%2Fcomments&post=69763"}],"version-history":[{"count":1,"href":"https:\/\/crapa.org.br\/index.php?rest_route=\/wp\/v2\/posts\/69763\/revisions"}],"predecessor-version":[{"id":69765,"href":"https:\/\/crapa.org.br\/index.php?rest_route=\/wp\/v2\/posts\/69763\/revisions\/69765"}],"wp:featuredmedia":[{"embeddable":true,"href":"https:\/\/crapa.org.br\/index.php?rest_route=\/wp\/v2\/media\/69764"}],"wp:attachment":[{"href":"https:\/\/crapa.org.br\/index.php?rest_route=%2Fwp%2Fv2%2Fmedia&parent=69763"}],"wp:term":[{"taxonomy":"category","embeddable":true,"href":"https:\/\/crapa.org.br\/index.php?rest_route=%2Fwp%2Fv2%2Fcategories&post=69763"},{"taxonomy":"post_tag","embeddable":true,"href":"https:\/\/crapa.org.br\/index.php?rest_route=%2Fwp%2Fv2%2Ftags&post=69763"}],"curies":[{"name":"wp","href":"https:\/\/api.w.org\/{rel}","templated":true}]}}