{"id":69800,"date":"2026-04-28T09:56:32","date_gmt":"2026-04-28T12:56:32","guid":{"rendered":"https:\/\/crapa.org.br\/?p=69800"},"modified":"2026-04-28T09:59:47","modified_gmt":"2026-04-28T12:59:47","slug":"o-cra-pa-celebra-58-anos-de-historia-compromisso-e-dedicacao-a-valorizacao-da-administracao-no-para","status":"publish","type":"post","link":"https:\/\/crapa.org.br\/?p=69800","title":{"rendered":"O CRA-PA celebra 58 anos de hist\u00f3ria, compromisso e dedica\u00e7\u00e3o \u00e0 valoriza\u00e7\u00e3o da Administra\u00e7\u00e3o no Par\u00e1"},"content":{"rendered":"<p class=\"western\" align=\"justify\"><span style=\"font-family: Arial, sans-serif; color: #000000;\"><span style=\"font-size: medium;\">Nesta data (28 de abril), comemoramos mais de cinco d\u00e9cadas de atua\u00e7\u00e3o marcadas pela defesa da profiss\u00e3o e pelo fortalecimento da Ci\u00eancia da Administra\u00e7\u00e3o como instrumento essencial para o desenvolvimento das organiza\u00e7\u00f5es e da sociedade.<\/span><\/span><\/p>\n<p class=\"western\" align=\"justify\"><span style=\"font-family: Arial, sans-serif; color: #000000;\"><span style=\"font-size: medium;\">A hist\u00f3ria do CRA-PA teve in\u00edcio em 17 de janeiro de 1968, com a publica\u00e7\u00e3o da Resolu\u00e7\u00e3o Normativa CFTA n\u00ba 02\/68, que criou o ent\u00e3o Conselho Regional de T\u00e9cnicos de Administra\u00e7\u00e3o da 2\u00aa Regi\u00e3o (CRTA\/PA\/AM\/AP\/RR). \u00c0 \u00e9poca, o \u00f3rg\u00e3o abrangia os estados do Par\u00e1 e Amazonas, al\u00e9m dos territ\u00f3rios federais do Amap\u00e1 e Roraima, tendo sede em Bel\u00e9m e a miss\u00e3o de fiscalizar o exerc\u00edcio da profiss\u00e3o e expedir carteiras profissionais. <\/span><\/span><\/p>\n<p class=\"western\" align=\"justify\"><span style=\"font-family: Arial, sans-serif; color: #000000;\"><span style=\"font-size: medium;\">A instala\u00e7\u00e3o oficial do Conselho ocorreu em 28 de abril de 1968, durante Assembleia Geral realizada no Sal\u00e3o Nobre da Associa\u00e7\u00e3o Comercial do Par\u00e1 (ACP\/PA), espa\u00e7o que sediou as primeiras atividades da institui\u00e7\u00e3o at\u00e9 abril de 1969.<\/span><\/span><\/p>\n<p class=\"western\" align=\"justify\"><span style=\"font-family: Arial, sans-serif; color: #000000;\"><span style=\"font-size: medium;\">Desde sua instala\u00e7\u00e3o oficial, o CRA-PA vem construindo uma trajet\u00f3ria pautada na responsabilidade, inova\u00e7\u00e3o e compromisso p\u00fablico, acompanhando a evolu\u00e7\u00e3o da \u00e1rea e contribuindo para a forma\u00e7\u00e3o de profissionais cada vez mais preparados para enfrentar os desafios contempor\u00e2neos.<\/span><\/span><\/p>\n<p class=\"western\" align=\"justify\"><span style=\"font-family: Arial, sans-serif; color: #000000;\"><span style=\"font-size: medium;\">Ao longo desses 58 anos, o Conselho mant\u00e9m seu prop\u00f3sito de promover a qualifica\u00e7\u00e3o dos profissionais de Administra\u00e7\u00e3o, incentivar a excel\u00eancia na gest\u00e3o e contribuir diretamente para o desenvolvimento sustent\u00e1vel do Estado do Par\u00e1.<\/span><\/span><\/p>\n<p class=\"western\" align=\"justify\"><span style=\"font-family: Arial, sans-serif; color: #000000;\"><span style=\"font-size: medium;\">Sob a lideran\u00e7a do presidente Adm. F\u00e1bio L\u00facio Costa, e com o empenho dos conselheiros regionais e federais, bem como dos colaboradores, o CRA-PA reafirma diariamente seu compromisso com a inova\u00e7\u00e3o, o fortalecimento institucional e a evolu\u00e7\u00e3o cont\u00ednua da Ci\u00eancia da Administra\u00e7\u00e3o. <\/span><\/span><\/p>\n<p class=\"western\" align=\"justify\"><span style=\"font-family: Arial, sans-serif; color: #000000;\"><span style=\"font-size: medium;\">Celebrar este marco \u00e9 reconhecer nossa hist\u00f3ria, honrar nosso legado e, sobretudo, renovar nosso compromisso com o futuro da Administra\u00e7\u00e3o no Par\u00e1.<\/span><\/span><\/p>\n<p class=\"western\" align=\"justify\">\n","protected":false},"excerpt":{"rendered":"<p>Nesta data (28 de abril), comemoramos mais de cinco d\u00e9cadas de atua\u00e7\u00e3o marcadas pela defesa da profiss\u00e3o e pelo fortalecimento da Ci\u00eancia da Administra\u00e7\u00e3o como instrumento essencial para o desenvolvimento [&hellip;]<\/p>\n","protected":false},"author":31,"featured_media":69803,"comment_status":"closed","ping_status":"closed","sticky":false,"template":"","format":"standard","meta":{"footnotes":"","_links_to":"","_links_to_target":""},"categories":[309],"tags":[],"class_list":["post-69800","post","type-post","status-publish","format-standard","has-post-thumbnail","hentry","category-ultimas-noticias","entry","has-media"],"_links":{"self":[{"href":"https:\/\/crapa.org.br\/index.php?rest_route=\/wp\/v2\/posts\/69800","targetHints":{"allow":["GET"]}}],"collection":[{"href":"https:\/\/crapa.org.br\/index.php?rest_route=\/wp\/v2\/posts"}],"about":[{"href":"https:\/\/crapa.org.br\/index.php?rest_route=\/wp\/v2\/types\/post"}],"author":[{"embeddable":true,"href":"https:\/\/crapa.org.br\/index.php?rest_route=\/wp\/v2\/users\/31"}],"replies":[{"embeddable":true,"href":"https:\/\/crapa.org.br\/index.php?rest_route=%2Fwp%2Fv2%2Fcomments&post=69800"}],"version-history":[{"count":2,"href":"https:\/\/crapa.org.br\/index.php?rest_route=\/wp\/v2\/posts\/69800\/revisions"}],"predecessor-version":[{"id":69804,"href":"https:\/\/crapa.org.br\/index.php?rest_route=\/wp\/v2\/posts\/69800\/revisions\/69804"}],"wp:featuredmedia":[{"embeddable":true,"href":"https:\/\/crapa.org.br\/index.php?rest_route=\/wp\/v2\/media\/69803"}],"wp:attachment":[{"href":"https:\/\/crapa.org.br\/index.php?rest_route=%2Fwp%2Fv2%2Fmedia&parent=69800"}],"wp:term":[{"taxonomy":"category","embeddable":true,"href":"https:\/\/crapa.org.br\/index.php?rest_route=%2Fwp%2Fv2%2Fcategories&post=69800"},{"taxonomy":"post_tag","embeddable":true,"href":"https:\/\/crapa.org.br\/index.php?rest_route=%2Fwp%2Fv2%2Ftags&post=69800"}],"curies":[{"name":"wp","href":"https:\/\/api.w.org\/{rel}","templated":true}]}}