{"id":69805,"date":"2026-04-28T12:07:12","date_gmt":"2026-04-28T15:07:12","guid":{"rendered":"https:\/\/crapa.org.br\/?p=69805"},"modified":"2026-04-28T12:58:20","modified_gmt":"2026-04-28T15:58:20","slug":"aviso-de-chamamento-publico-no-001-2026","status":"publish","type":"post","link":"https:\/\/crapa.org.br\/?p=69805","title":{"rendered":"Aviso de chamamento P\u00fablico n\u00ba 001\/2026"},"content":{"rendered":"<div class=\"entry-content clr\">\n<div class=\"entry-content clr\">\n<div class=\"entry-content clr\">\n<p class=\"western\" align=\"justify\"><span style=\"font-family: Arial, sans-serif; color: #000000;\"><span style=\"font-size: medium;\">O Conselho Regional de Administra\u00e7\u00e3o do Par\u00e1 &#8211; CRA-PA, torna p\u00fablico para conhecimento dos interessados que est\u00e1 realizando CHAMAMENTO P\u00daBLICO, em obedi\u00eancia aos princ\u00edpios que regem a Administra\u00e7\u00e3o P\u00fablica e demais disposi\u00e7\u00f5es legais e, subsidiariamente a Lei Federal 14.133\/2021, objetivando o Credenciamento de Leiloeiro Oficial, para prepara\u00e7\u00e3o, organiza\u00e7\u00e3o e condu\u00e7\u00e3o de leil\u00e3o p\u00fablico de bens m\u00f3veis desta autarquia. <\/span><\/span><\/p>\n<p class=\"western\" align=\"justify\"><span style=\"font-family: Arial, sans-serif; color: #000000;\"><span style=\"font-size: medium;\">Os interessados dever\u00e3o encaminhar a documenta\u00e7\u00e3o solicitada,<strong> no per\u00edodo de 28 de abril a 15 de maio de 2026<\/strong>, atrav\u00e9s do seguinte e-mail: licitacao@crapa.org.br.<\/span><\/span><\/p>\n<p class=\"western\" align=\"justify\"><span style=\"font-family: Arial, sans-serif; color: #000000;\"><span style=\"font-size: medium;\"><strong>Informa\u00e7\u00f5es Complementares ao Objeto:<br \/>\n<\/strong><\/span><\/span><span style=\"color: #000000;\"><span style=\"font-family: Arial, sans-serif;\"><span style=\"font-size: medium;\">Contrata\u00e7\u00e3o de Leiloeiro para execu\u00e7\u00e3o da aliena\u00e7\u00e3o e venda de bens m\u00f3veis e inserv\u00edveis do CRA-PA: <\/span><\/span><strong><span style=\"font-family: Arial, sans-serif;\"><span style=\"font-size: medium;\">01 (um) ve\u00edculo, modelo Onix, marca Chevrolet, motor: 1.4 Flex.<\/span><\/span><\/strong><\/span><\/p>\n<p class=\"western\" align=\"justify\"><span style=\"color: #000000;\"><span style=\"font-family: Arial, sans-serif;\"><span style=\"font-size: medium;\"><strong>Contato<\/strong><br \/>\n<strong>\ud83d\udce9 e-mail: <\/strong><a style=\"color: #000000;\" href=\"mailto:licitacao@crapa.org.br\">licitacao@crapa.org.br<\/a><br \/>\n<\/span><\/span><span style=\"font-family: Arial, sans-serif;\"><span style=\"font-size: medium;\"><strong>Telefone: <\/strong>(91) 3122-9036 \/ 9103-2832<br \/>\n<\/span><\/span><span style=\"font-family: Arial, sans-serif;\"><span style=\"font-size: medium;\"><strong>\ud83c\udf10CPL\/CRA-PA:<\/strong>\u00a0Travessa Quintino Bocai\u00fava, 2301 Sala 2303 \u2013 Ed. Rog\u00e9lio Fernandez Business Center, Bairro Crema\u00e7\u00e3o, Bel\u00e9m-PA, CEP 66045-315<\/span><\/span><\/span><\/p>\n<p class=\"western\"><span style=\"color: #000000;\"><strong><span style=\"font-family: Arial, sans-serif;\"><span style=\"font-size: medium;\">Arquivo:<\/span><\/span><\/strong><\/span><\/p>\n<p class=\"western\"><a href=\"https:\/\/crapa.org.br\/wp-content\/uploads\/2026\/04\/SEI_4015436_Edital_n__001_2026__Chamamento_Publico__Credenciamento.pdf\" target=\"_blank\" rel=\"noopener\"><span style=\"color: #003366;\">Edital_n__001_2026__Chamamento_Publico__Credenciamento<\/span><\/a><br \/>\n<a href=\"https:\/\/crapa.org.br\/wp-content\/uploads\/2026\/04\/SEI_3646165_Termo_de_Referencia_27-1.pdf\" target=\"_blank\" rel=\"noopener\"><span style=\"color: #003366;\">Termo de Referencia<\/span> <\/a><br \/>\n<a href=\"https:\/\/crapa.org.br\/wp-content\/uploads\/2026\/04\/SEI_3697732_Minuta.pdf\" target=\"_blank\" rel=\"noopener\"><span style=\"color: #003366;\">Requerimento para Habilita\u00e7\u00e3o<\/span><\/a><br \/>\n<span style=\"color: #003366;\"><a style=\"color: #003366;\" href=\"https:\/\/crapa.org.br\/wp-content\/uploads\/2026\/04\/SEI_3694377_Minuta.pdf\" target=\"_blank\" rel=\"noopener\">Requerimento para Credenciamento<\/a><br \/>\n<\/span><span style=\"color: #003366;\"><a style=\"color: #003366;\" href=\"https:\/\/crapa.org.br\/wp-content\/uploads\/2026\/04\/SEI_3694385_Minuta.pdf\" target=\"_blank\" rel=\"noopener\">Termo de Compromisso do Leiloeiro<\/a><br \/>\n<\/span><span style=\"color: #003366;\"><a style=\"color: #003366;\" href=\"https:\/\/crapa.org.br\/wp-content\/uploads\/2026\/04\/SEI_3694392_Minuta.pdf\" target=\"_blank\" rel=\"noopener\">Declara\u00e7\u00e3o de possuir registro em Junta Comercial<\/a><br \/>\n<\/span><span style=\"color: #000000;\"><a style=\"color: #000000;\" href=\"https:\/\/crapa.org.br\/wp-content\/uploads\/2026\/04\/SEI_3694397_Minuta-1.pdf\" target=\"_blank\" rel=\"noopener\"><span style=\"color: #003366;\">Declara\u00e7\u00e3o de Fatos Supervenientes Impeditivos<\/span><\/a><br \/>\n<\/span><span style=\"color: #003366;\"><a style=\"color: #003366;\" href=\"https:\/\/crapa.org.br\/wp-content\/uploads\/2026\/04\/SEI_3697455_Minuta.pdf\" target=\"_blank\" rel=\"noopener\">Declara\u00e7\u00e3o de que n\u00e3o Emprega Menor de Idade<\/a><br \/>\n<\/span><a href=\"https:\/\/crapa.org.br\/wp-content\/uploads\/2026\/04\/SEI_3697551_Minuta.pdf\" target=\"_blank\" rel=\"noopener\"><span style=\"color: #003366;\">Declara\u00e7\u00e3o de que n\u00e3o \u00e9 Empregado e n\u00e3o tem Parentesco<\/span><\/a><br \/>\n<span style=\"color: #003366;\"><a style=\"color: #003366;\" href=\"https:\/\/crapa.org.br\/wp-content\/uploads\/2026\/04\/SEI_3697750_Minuta.pdf\" target=\"_blank\" rel=\"noopener\"><span style=\"color: #003366;\">Declara\u00e7\u00e3o de Vistoria<\/span><\/a><\/span><\/p>\n<p class=\"western\" align=\"justify\">\n<\/div>\n<\/div>\n<\/div>\n","protected":false},"excerpt":{"rendered":"<p>O Conselho Regional de Administra\u00e7\u00e3o do Par\u00e1 &#8211; CRA-PA, torna p\u00fablico para conhecimento dos interessados que est\u00e1 realizando CHAMAMENTO P\u00daBLICO, em obedi\u00eancia aos princ\u00edpios que regem a Administra\u00e7\u00e3o P\u00fablica e [&hellip;]<\/p>\n","protected":false},"author":31,"featured_media":69807,"comment_status":"closed","ping_status":"closed","sticky":false,"template":"","format":"standard","meta":{"footnotes":"","_links_to":"","_links_to_target":""},"categories":[309],"tags":[],"class_list":["post-69805","post","type-post","status-publish","format-standard","has-post-thumbnail","hentry","category-ultimas-noticias","entry","has-media"],"_links":{"self":[{"href":"https:\/\/crapa.org.br\/index.php?rest_route=\/wp\/v2\/posts\/69805","targetHints":{"allow":["GET"]}}],"collection":[{"href":"https:\/\/crapa.org.br\/index.php?rest_route=\/wp\/v2\/posts"}],"about":[{"href":"https:\/\/crapa.org.br\/index.php?rest_route=\/wp\/v2\/types\/post"}],"author":[{"embeddable":true,"href":"https:\/\/crapa.org.br\/index.php?rest_route=\/wp\/v2\/users\/31"}],"replies":[{"embeddable":true,"href":"https:\/\/crapa.org.br\/index.php?rest_route=%2Fwp%2Fv2%2Fcomments&post=69805"}],"version-history":[{"count":6,"href":"https:\/\/crapa.org.br\/index.php?rest_route=\/wp\/v2\/posts\/69805\/revisions"}],"predecessor-version":[{"id":69822,"href":"https:\/\/crapa.org.br\/index.php?rest_route=\/wp\/v2\/posts\/69805\/revisions\/69822"}],"wp:featuredmedia":[{"embeddable":true,"href":"https:\/\/crapa.org.br\/index.php?rest_route=\/wp\/v2\/media\/69807"}],"wp:attachment":[{"href":"https:\/\/crapa.org.br\/index.php?rest_route=%2Fwp%2Fv2%2Fmedia&parent=69805"}],"wp:term":[{"taxonomy":"category","embeddable":true,"href":"https:\/\/crapa.org.br\/index.php?rest_route=%2Fwp%2Fv2%2Fcategories&post=69805"},{"taxonomy":"post_tag","embeddable":true,"href":"https:\/\/crapa.org.br\/index.php?rest_route=%2Fwp%2Fv2%2Ftags&post=69805"}],"curies":[{"name":"wp","href":"https:\/\/api.w.org\/{rel}","templated":true}]}}