{"id":70059,"date":"2026-09-01T12:25:22","date_gmt":"2026-09-01T15:25:22","guid":{"rendered":"https:\/\/crapa.org.br\/?p=70059"},"modified":"2026-09-01T12:27:02","modified_gmt":"2026-09-01T15:27:02","slug":"diretoria-do-cra-pa-cumpre-agenda-institucional-em-santarem","status":"publish","type":"post","link":"https:\/\/crapa.org.br\/?p=70059","title":{"rendered":"Diretoria do CRA-PA cumpre agenda institucional em Santar\u00e9m"},"content":{"rendered":"<p class=\"western\" align=\"justify\"><span style=\"font-family: Arial, sans-serif; color: #000000;\"><span style=\"font-size: medium;\">Entre os dias 27 e 29 de agosto, a diretoria do CRA-PA, liderada pelo Presidente, Adm. F\u00e1bio L\u00facio Costa, acompanhada pelo diretor Administrativo e Financeiro, Adm. Hermes Feitosa, e pelo diretor de Fiscaliza\u00e7\u00e3o e Registro, Adm. Cl\u00e1udio Bittencourt Jr, cumpriu uma extensa agenda institucional em Santar\u00e9m.<\/span><\/span><\/p>\n<p class=\"western\" align=\"justify\"><span style=\"font-family: Arial, sans-serif; color: #000000;\"><span style=\"font-size: medium;\">A agenda teve in\u00edcio com uma reuni\u00e3o de trabalho na Subse\u00e7\u00e3o do CRA-PA em Santar\u00e9m, ao lado do representante do Conselho no munic\u00edpio, Adm. Wladimir de Melo. Na oportunidade, foram discutidas quest\u00f5es das \u00e1reas institucional, administrativa e financeira, al\u00e9m de pautas relacionadas \u00e0 fiscaliza\u00e7\u00e3o e ao registro profissional. Tamb\u00e9m foram avaliadas as condi\u00e7\u00f5es de infraestrutura da Subse\u00e7\u00e3o e poss\u00edveis a\u00e7\u00f5es de melhoria.<\/span><\/span><\/p>\n<p class=\"western\" align=\"justify\"><span style=\"font-family: Arial, sans-serif; color: #000000;\"><span style=\"font-size: medium;\">A Diretoria tamb\u00e9m se reuniu com profissionais de Administra\u00e7\u00e3o da regi\u00e3o, em um momento dedicado \u00e0 escuta de demandas, troca de experi\u00eancias e discuss\u00e3o de iniciativas para a valoriza\u00e7\u00e3o da categoria. O encontro contou com a participa\u00e7\u00e3o da Adm\u00aa. Maria Buchalle, Presidente da Associa\u00e7\u00e3o dos Administradores do Oeste do Par\u00e1, refor\u00e7ando a import\u00e2ncia da integra\u00e7\u00e3o entre o Conselho e as entidades representativas dos profissionais.<\/span><\/span><\/p>\n<p class=\"western\" align=\"justify\"><span style=\"font-family: Arial, sans-serif; color: #000000;\"><span style=\"font-size: medium;\">Durante a agenda, o CRA-PA realizou ainda uma homenagem ao Adm. Olavo das Neves, com a entrega do Certificado e da Medalha alusivos ao Jubileu de Diamante da profiss\u00e3o de Administra\u00e7\u00e3o no Brasil. A honraria reconhece sua trajet\u00f3ria e contribui\u00e7\u00e3o para a profiss\u00e3o e integra as a\u00e7\u00f5es comemorativas dos 60 anos da regulamenta\u00e7\u00e3o da Administra\u00e7\u00e3o no pa\u00eds.<\/span><\/span><\/p>\n<p class=\"western\" align=\"justify\"><span style=\"font-family: Arial, sans-serif; color: #000000;\"><span style=\"font-size: medium;\">A programa\u00e7\u00e3o tamb\u00e9m contou com a participa\u00e7\u00e3o da Diretoria na Feira Tapaj\u00f3s Neg\u00f3cios, realizada pela ACES e FACIAPA. O evento reuniu empres\u00e1rios, empreendedores, profissionais e institui\u00e7\u00f5es e proporcionou ao CRA-PA a oportunidade de estreitar rela\u00e7\u00f5es com o setor produtivo e ampliar o di\u00e1logo sobre a import\u00e2ncia estrat\u00e9gica da Administra\u00e7\u00e3o para o desenvolvimento econ\u00f4mico da regi\u00e3o.<\/span><\/span><\/p>\n<p class=\"western\" align=\"justify\"><span style=\"font-family: Arial, sans-serif; color: #000000;\"><span style=\"font-size: medium;\">A agenda em Santar\u00e9m reafirma o compromisso do CRA-PA com a interioriza\u00e7\u00e3o de suas a\u00e7\u00f5es, a valoriza\u00e7\u00e3o dos profissionais de Administra\u00e7\u00e3o e o fortalecimento das rela\u00e7\u00f5es institucionais, garantindo uma atua\u00e7\u00e3o cada vez mais pr\u00f3xima no interior do Estado. <\/span><\/span><\/p>\n<p class=\"western\" align=\"justify\">\n","protected":false},"excerpt":{"rendered":"<p>Entre os dias 27 e 29 de agosto, a diretoria do CRA-PA, liderada pelo Presidente, Adm. F\u00e1bio L\u00facio Costa, acompanhada pelo diretor Administrativo e Financeiro, Adm. Hermes Feitosa, e pelo [&hellip;]<\/p>\n","protected":false},"author":31,"featured_media":70060,"comment_status":"closed","ping_status":"closed","sticky":false,"template":"","format":"standard","meta":{"footnotes":"","_links_to":"","_links_to_target":""},"categories":[309],"tags":[],"class_list":["post-70059","post","type-post","status-publish","format-standard","has-post-thumbnail","hentry","category-ultimas-noticias","entry","has-media"],"_links":{"self":[{"href":"https:\/\/crapa.org.br\/index.php?rest_route=\/wp\/v2\/posts\/70059","targetHints":{"allow":["GET"]}}],"collection":[{"href":"https:\/\/crapa.org.br\/index.php?rest_route=\/wp\/v2\/posts"}],"about":[{"href":"https:\/\/crapa.org.br\/index.php?rest_route=\/wp\/v2\/types\/post"}],"author":[{"embeddable":true,"href":"https:\/\/crapa.org.br\/index.php?rest_route=\/wp\/v2\/users\/31"}],"replies":[{"embeddable":true,"href":"https:\/\/crapa.org.br\/index.php?rest_route=%2Fwp%2Fv2%2Fcomments&post=70059"}],"version-history":[{"count":2,"href":"https:\/\/crapa.org.br\/index.php?rest_route=\/wp\/v2\/posts\/70059\/revisions"}],"predecessor-version":[{"id":70062,"href":"https:\/\/crapa.org.br\/index.php?rest_route=\/wp\/v2\/posts\/70059\/revisions\/70062"}],"wp:featuredmedia":[{"embeddable":true,"href":"https:\/\/crapa.org.br\/index.php?rest_route=\/wp\/v2\/media\/70060"}],"wp:attachment":[{"href":"https:\/\/crapa.org.br\/index.php?rest_route=%2Fwp%2Fv2%2Fmedia&parent=70059"}],"wp:term":[{"taxonomy":"category","embeddable":true,"href":"https:\/\/crapa.org.br\/index.php?rest_route=%2Fwp%2Fv2%2Fcategories&post=70059"},{"taxonomy":"post_tag","embeddable":true,"href":"https:\/\/crapa.org.br\/index.php?rest_route=%2Fwp%2Fv2%2Ftags&post=70059"}],"curies":[{"name":"wp","href":"https:\/\/api.w.org\/{rel}","templated":true}]}}